{"id":202334,"date":"2022-07-29T19:23:55","date_gmt":"2022-07-29T22:23:55","guid":{"rendered":"https:\/\/diarioregionaldigital.com.br\/?p=202334"},"modified":"2022-07-29T19:23:55","modified_gmt":"2022-07-29T22:23:55","slug":"ibge-aponta-aumento-da-ocupacao-na-atividade-economica-no-2o-trimestre","status":"publish","type":"post","link":"https:\/\/diarioregionaldigital.com.br\/?p=202334","title":{"rendered":"IBGE aponta aumento da ocupa\u00e7\u00e3o na atividade econ\u00f4mica no 2\u00ba trimestre"},"content":{"rendered":"<p>A expans\u00e3o da ocupa\u00e7\u00e3o no segundo trimestre deste ano foi disseminada entre diversas atividades econ\u00f4micas como indicam os dados da Pnad Cont\u00ednua, divulgada hoje (29) pelo Instituto Brasileiro de Geografia e Estat\u00edstica (IBGE). Os destaques foram com\u00e9rcio (3,4%), ind\u00fastria (2,7%), administra\u00e7\u00e3o p\u00fablica, defesa, seguridade social, educa\u00e7\u00e3o, sa\u00fade humana e servi\u00e7os sociais (4,5%).<img decoding=\"async\" src=\"https:\/\/agenciabrasil.ebc.com.br\/ebc.png?id=1473468&amp;o=node\" \/><img decoding=\"async\" src=\"https:\/\/agenciabrasil.ebc.com.br\/ebc.gif?id=1473468&amp;o=node\" \/><\/p>\n<p>Segundo a coordenadora de Pesquisas por Amostra de Domic\u00edlios do IBGE, Adriana Beringuy, no \u00faltimo grupo de atividades, a expans\u00e3o de 739 mil pessoas foi influenciada pela educa\u00e7\u00e3o b\u00e1sica, especialmente o ensino fundamental. Al\u00e9m do comportamento sazonal de expans\u00e3o desse grupamento, a intensifica\u00e7\u00e3o das atividades presenciais levou \u00e0 absor\u00e7\u00e3o de profissionais no segmento da educa\u00e7\u00e3o com contribui\u00e7\u00e3o ainda das contrata\u00e7\u00f5es na \u00e1rea de sa\u00fade.<\/p>\n<p>Adriana Beringuy informou que, de maneira geral, a s\u00e9rie hist\u00f3rica mostra que tal grupamento costuma come\u00e7ar o ano com retra\u00e7\u00e3o e apresentar crescimento a partir do segundo trimestre. Esse comportamento s\u00f3 n\u00e3o foi notado nos anos de 2020 e 2021, e embora tenha havido varia\u00e7\u00e3o positiva da popula\u00e7\u00e3o ocupada no grupamento, n\u00e3o foi estatisticamente significativa. Mas, no segundo trimestre deste. ano voltou a ocorrer a sazonalidade.<\/p>\n<p>De acordo com Adriana, esse grupamento inclui v\u00e1rios segmentos, entre os quais, educa\u00e7\u00e3o p\u00fablica e privada e sa\u00fade, que mais tiveram expans\u00e3o. \u201cPode ser que, em fun\u00e7\u00e3o desses dois anos [2020 e 2021], devido a uma certa suspens\u00e3o parcial de atividades presenciais de educa\u00e7\u00e3o, a expans\u00e3o tenha sido mais t\u00edmida. Com a intensifica\u00e7\u00e3o do retorno das atividades presenciais de educa\u00e7\u00e3o, foi necess\u00e1rio mobilizar ou remontar a estrutura ou a infraestrutura dos estabelecimentos de ensino.&#8221;<\/p>\n<p>Ela ressaltou que o avan\u00e7o na educa\u00e7\u00e3o n\u00e3o se restringiu aos professores, mas tamb\u00e9m aos profissionais de servi\u00e7os auxiliares ao setor, al\u00e9m da movimenta\u00e7\u00e3o dos servi\u00e7os hospitalares. \u201cComo a educa\u00e7\u00e3o b\u00e1sica, fundamental, \u00e9 provida essencialmente pela rede p\u00fablica, s\u00e3o as prefeituras que prov\u00eam este servi\u00e7o. E acaba sendo o setor p\u00fablico da educa\u00e7\u00e3o um dos maiores respons\u00e1veis pelo crescimento da popula\u00e7\u00e3o ocupada nesta atividade.\u201d<\/p>\n<h2>Ind\u00fastria<\/h2>\n<p>Adriana destacou que a ind\u00fastria teve participa\u00e7\u00e3o importante na ocupa\u00e7\u00e3o de mais 332 mil pessoas, com crescimento de 2,7% no trimestre e de 10% no ano. \u201cA expans\u00e3o vem da ind\u00fastria de alimentos, da parte de confec\u00e7\u00f5es, e teve um pouco de ind\u00fastria de m\u00e1quinas e equipamentos. Foi um processo de absor\u00e7\u00e3o importante de trabalhadores ocupados na ind\u00fastria, que tem como uma das suas caracter\u00edsticas absorver trabalhadores por meio da carteira. Parte do crescimento da carteira de trabalho \u00e9 puxada por essa expans\u00e3o na ind\u00fastria\u201d, acrescentou.<\/p>\n<p>Na compara\u00e7\u00e3o com o trimestre anterior, o com\u00e9rcio absorveu mais 617 mil pessoas, o que, segundo Adriana, tamb\u00e9m foi uma expans\u00e3o significativa. \u201cO com\u00e9rcio contribuiu tanto para absor\u00e7\u00e3o com carteira como sem carteira. Tivemos muito a parte do com\u00e9rcio tanto de hipermercados, supermercados, vestu\u00e1rio, ent\u00e3o, o com\u00e9rcio tamb\u00e9m est\u00e1 aportando expans\u00e3o de trabalhadores tanto no trimestre quanto no ano.\u201d<\/p>\n<p>A pesquisa revelou que houve crescimento significativo nos setores de constru\u00e7\u00e3o (3,8%), com mais 274 mil pessoas; informa\u00e7\u00e3o, comunica\u00e7\u00e3o e atividades financeiras, imobili\u00e1rias, profissionais e administrativas (3%), mais 336 mil pessoas; outros servi\u00e7os (3,2%), mais 158 mil pessoas, e servi\u00e7os dom\u00e9sticos (4%), ou mais 227 mil pessoas.<\/p>\n<p>A coordenadora de Pesquisas por Amostra de Domic\u00edlios do IBGE lembrou que o setor de constru\u00e7\u00e3o tinha recuado no primeiro trimestre e voltou a crescer, desta vez, 3,8%. \u201cA constru\u00e7\u00e3o tem o emprego sem carteira e por conta pr\u00f3pria como caracter\u00edstica mais marcada para esta atividade, que vem crescendo no trimestre e no ano.\u201d<\/p>\n<h2>For\u00e7a de trabalho<\/h2>\n<p>A for\u00e7a de trabalho, que re\u00fane pessoas ocupadas e desocupadas, alcan\u00e7ou 108,3 milh\u00f5es de pessoas, maior contingente da s\u00e9rie hist\u00f3rica da pesquisa. A alta \u00e9 de 1% ou 1,1 milh\u00e3o de pessoas, frente ao \u00faltimo trimestre. Na compara\u00e7\u00e3o com o mesmo per\u00edodo do ano passado, cresceu 4% ou 4,1 milh\u00f5es de pessoas.<\/p>\n<p>Na contribui\u00e7\u00e3o para Instituto de Previd\u00eancia Social, a Pnad do segundo trimestre identificou o maior contingente de contribuintes, com 62,1 milh\u00f5es de pessoas ocupadas. \u201cEm termos de percentual de contribuintes, embora seja o maior contingente, o percentual ainda n\u00e3o \u00e9. A gente est\u00e1 com 63% de pessoas ocupadas que contribuem para a previd\u00eancia entre todos os ocupados.\u201d<\/p>\n<h2>Pesquisa<\/h2>\n<p>De acordo com o IBGE, a Pnad Cont\u00ednua \u00e9 o principal instrumento para monitoramento da for\u00e7a de trabalho no pa\u00eds. A amostra da pesquisa por trimestre no Brasil \u00e9 referente a 211 mil domic\u00edlios pesquisados. Ao todo, cerca de 2 mil entrevistadores trabalham na pesquisa, em 26 estados e no Distrito Federal, integrados \u00e0 rede de coleta de mais de 500 ag\u00eancias do IBGE.<\/p>\n<p>Por causa da pandemia de covid-19, a partir de 17 de mar\u00e7o de 2020, o IBGE adotou a coleta de informa\u00e7\u00f5es da pesquisa por telefone. O retorno da coleta de forma presencial foi em julho de 2021.<\/p>\n<p>Segundo o IBGE, \u00e9 poss\u00edvel confirmar a identidade do entrevistador no site Respondendo ao IBGE, ou por meio da Central de atendimento (0800 721 8181), conferindo a matr\u00edcula, documento de identidade ou CPF, dados que podem ser solicitados pelo informante.<\/p>\n<p><span style=\"font-weight: 400;\">Fonte: Ag\u00eancia Brasil <\/span><\/p>\n","protected":false},"excerpt":{"rendered":"<p>A expans\u00e3o da ocupa\u00e7\u00e3o no segundo trimestre deste ano foi disseminada entre diversas atividades econ\u00f4micas como indicam os dados da Pnad Cont\u00ednua, divulgada hoje (29) pelo Instituto Brasileiro de Geografia e Estat\u00edstica (IBGE). Os destaques foram com\u00e9rcio (3,4%), ind\u00fastria (2,7%), administra\u00e7\u00e3o p\u00fablica, defesa, seguridade social, educa\u00e7\u00e3o, sa\u00fade humana e servi\u00e7os sociais (4,5%). Segundo a coordenadora [&hellip;]<\/p>\n","protected":false},"author":246,"featured_media":202335,"comment_status":"closed","ping_status":"closed","sticky":false,"template":"","format":"standard","meta":{"footnotes":""},"categories":[436,261,439],"tags":[],"class_list":["post-202334","post","type-post","status-publish","format-standard","has-post-thumbnail","hentry","category-destaque-da-semana","category-economia","category-ultima-hora"],"_links":{"self":[{"href":"https:\/\/diarioregionaldigital.com.br\/index.php?rest_route=\/wp\/v2\/posts\/202334","targetHints":{"allow":["GET"]}}],"collection":[{"href":"https:\/\/diarioregionaldigital.com.br\/index.php?rest_route=\/wp\/v2\/posts"}],"about":[{"href":"https:\/\/diarioregionaldigital.com.br\/index.php?rest_route=\/wp\/v2\/types\/post"}],"author":[{"embeddable":true,"href":"https:\/\/diarioregionaldigital.com.br\/index.php?rest_route=\/wp\/v2\/users\/246"}],"replies":[{"embeddable":true,"href":"https:\/\/diarioregionaldigital.com.br\/index.php?rest_route=%2Fwp%2Fv2%2Fcomments&post=202334"}],"version-history":[{"count":1,"href":"https:\/\/diarioregionaldigital.com.br\/index.php?rest_route=\/wp\/v2\/posts\/202334\/revisions"}],"predecessor-version":[{"id":202336,"href":"https:\/\/diarioregionaldigital.com.br\/index.php?rest_route=\/wp\/v2\/posts\/202334\/revisions\/202336"}],"wp:featuredmedia":[{"embeddable":true,"href":"https:\/\/diarioregionaldigital.com.br\/index.php?rest_route=\/wp\/v2\/media\/202335"}],"wp:attachment":[{"href":"https:\/\/diarioregionaldigital.com.br\/index.php?rest_route=%2Fwp%2Fv2%2Fmedia&parent=202334"}],"wp:term":[{"taxonomy":"category","embeddable":true,"href":"https:\/\/diarioregionaldigital.com.br\/index.php?rest_route=%2Fwp%2Fv2%2Fcategories&post=202334"},{"taxonomy":"post_tag","embeddable":true,"href":"https:\/\/diarioregionaldigital.com.br\/index.php?rest_route=%2Fwp%2Fv2%2Ftags&post=202334"}],"curies":[{"name":"wp","href":"https:\/\/api.w.org\/{rel}","templated":true}]}}