{"id":202330,"date":"2022-07-29T19:20:06","date_gmt":"2022-07-29T22:20:06","guid":{"rendered":"https:\/\/diarioregionaldigital.com.br\/?p=202330"},"modified":"2022-07-29T19:20:06","modified_gmt":"2022-07-29T22:20:06","slug":"contas-publicas-fecham-maio-com-deficit-de-r-33-bilhoes-informa-bc","status":"publish","type":"post","link":"https:\/\/diarioregionaldigital.com.br\/?p=202330","title":{"rendered":"Contas p\u00fablicas fecham maio com d\u00e9ficit de R$ 33 bilh\u00f5es, informa BC"},"content":{"rendered":"<p>As contas do setor p\u00fablico consolidado, formado por governo federal, estados, munic\u00edpios e empresas estatais, registraram d\u00e9ficit prim\u00e1rio de R$ 33 bilh\u00f5es em maio deste ano. As informa\u00e7\u00f5es, divulgadas hoje (29) pelo Banco Central (BC), mostram que o saldo negativo foi maior que o registrado em maio do ano passado, quando as contas fecharam com d\u00e9ficit de R$ 15,5 bilh\u00f5es.<img decoding=\"async\" src=\"https:\/\/agenciabrasil.ebc.com.br\/ebc.png?id=1473410&amp;o=node\" \/><img decoding=\"async\" src=\"https:\/\/agenciabrasil.ebc.com.br\/ebc.gif?id=1473410&amp;o=node\" \/><\/p>\n<p>De acordo com o relat\u00f3rio de Estat\u00edsticas Fiscais, o resultado \u00e9 decorrente de d\u00e9ficit no Governo Central e das empresas estatais, na ordem de R$ 40 bilh\u00f5es e R$ 307 milh\u00f5es, respectivamente. J\u00e1 os governos regionais registraram superavit de R$ 7,3 bilh\u00f5es no m\u00eas.<\/p>\n<p>O documento informa ainda que, nos 12 meses encerrados em maio, o super\u00e1vit prim\u00e1rio do setor p\u00fablico consolidado atingiu R$ 119,9 bilh\u00f5es, equivalente a 1,32% do Produto Interno Bruto (PIB).<\/p>\n<p>O resultado prim\u00e1rio \u00e9 formado pelas receitas menos as despesas, sem considerar o pagamento de juros da d\u00edvida p\u00fablica.<\/p>\n<h2>Juros<\/h2>\n<p>Os juros nominais do setor p\u00fablico consolidado atingiram R$ 33 bilh\u00f5es em maio, frente a R$ 21,9 bilh\u00f5es em maio de 2021. De acordo com o BC, o resultado decorreu, em especial, do aumento da taxa Selic no per\u00edodo, mais do que compensando a melhora na trajet\u00f3ria das opera\u00e7\u00f5es de\u00a0<em>swap\u00a0<\/em>cambial (ganho de R$11 bilh\u00f5es em maio de 2021 e de R$26,7 bilh\u00f5es em maio de 2022).<\/p>\n<p>O\u00a0<em>swap\u00a0<\/em>cambial \u00e9 a venda de d\u00f3lares no mercado futuro. Os resultados dessas opera\u00e7\u00f5es s\u00e3o transferidos para o pagamento dos juros da d\u00edvida p\u00fablica, como receita, quando h\u00e1 ganhos, e como despesa, quando h\u00e1 perdas.<\/p>\n<p>No acumulado em 12 meses at\u00e9 maio, os juros nominais somam R$ 500,5 bilh\u00f5es (5,51% do PIB), comparativamente a R$ 295,6 bilh\u00f5es (3,7% do PIB) nos 12 meses at\u00e9 maio de 2021.<\/p>\n<p>O BC informou ainda que o resultado nominal do setor p\u00fablico consolidado, que inclui o resultado prim\u00e1rio e os juros nominais, foi deficit\u00e1rio em R$ 66 bilh\u00f5es, em maio de 2022. No acumulado de 12 meses, o d\u00e9ficit nominal alcan\u00e7ou R$ 380,6 bilh\u00f5es (4,19% do PIB), elevando-se 0,26 ponto percentual em rela\u00e7\u00e3o ao d\u00e9ficit acumulado at\u00e9 abril de 2022.<\/p>\n<h2>D\u00edvida P\u00fablica<\/h2>\n<p>A D\u00edvida L\u00edquida do Setor P\u00fablico (DLSP), que corresponde ao balan\u00e7o entre o total de cr\u00e9ditos e d\u00e9bitos dos governos federal, estaduais e municipais, fechou o m\u00eas de maio em R$ 5,3 trilh\u00f5es, o que corresponde a 58,8% do PIB, com aumento de 0,5 ponto percentual no m\u00eas.<\/p>\n<p>J\u00e1 a D\u00edvida Bruta do Governo Geral (DBGG) \u2013 que contabiliza apenas os passivos dos governos federal, estaduais e municipais \u2013 chegou a R$ 7,1 trilh\u00f5es ou 78,2% do PIB em maio de 2022, com redu\u00e7\u00e3o de 0,8 ponto percentual do PIB no m\u00eas.<\/p>\n<p><span style=\"font-weight: 400;\">Fonte: Ag\u00eancia Brasil <\/span><\/p>\n","protected":false},"excerpt":{"rendered":"<p>As contas do setor p\u00fablico consolidado, formado por governo federal, estados, munic\u00edpios e empresas estatais, registraram d\u00e9ficit prim\u00e1rio de R$ 33 bilh\u00f5es em maio deste ano. As informa\u00e7\u00f5es, divulgadas hoje (29) pelo Banco Central (BC), mostram que o saldo negativo foi maior que o registrado em maio do ano passado, quando as contas fecharam com [&hellip;]<\/p>\n","protected":false},"author":246,"featured_media":202331,"comment_status":"closed","ping_status":"closed","sticky":false,"template":"","format":"standard","meta":{"footnotes":""},"categories":[436,440,261,439],"tags":[],"class_list":["post-202330","post","type-post","status-publish","format-standard","has-post-thumbnail","hentry","category-destaque-da-semana","category-destaques-do-dia","category-economia","category-ultima-hora"],"_links":{"self":[{"href":"https:\/\/diarioregionaldigital.com.br\/index.php?rest_route=\/wp\/v2\/posts\/202330","targetHints":{"allow":["GET"]}}],"collection":[{"href":"https:\/\/diarioregionaldigital.com.br\/index.php?rest_route=\/wp\/v2\/posts"}],"about":[{"href":"https:\/\/diarioregionaldigital.com.br\/index.php?rest_route=\/wp\/v2\/types\/post"}],"author":[{"embeddable":true,"href":"https:\/\/diarioregionaldigital.com.br\/index.php?rest_route=\/wp\/v2\/users\/246"}],"replies":[{"embeddable":true,"href":"https:\/\/diarioregionaldigital.com.br\/index.php?rest_route=%2Fwp%2Fv2%2Fcomments&post=202330"}],"version-history":[{"count":2,"href":"https:\/\/diarioregionaldigital.com.br\/index.php?rest_route=\/wp\/v2\/posts\/202330\/revisions"}],"predecessor-version":[{"id":202333,"href":"https:\/\/diarioregionaldigital.com.br\/index.php?rest_route=\/wp\/v2\/posts\/202330\/revisions\/202333"}],"wp:featuredmedia":[{"embeddable":true,"href":"https:\/\/diarioregionaldigital.com.br\/index.php?rest_route=\/wp\/v2\/media\/202331"}],"wp:attachment":[{"href":"https:\/\/diarioregionaldigital.com.br\/index.php?rest_route=%2Fwp%2Fv2%2Fmedia&parent=202330"}],"wp:term":[{"taxonomy":"category","embeddable":true,"href":"https:\/\/diarioregionaldigital.com.br\/index.php?rest_route=%2Fwp%2Fv2%2Fcategories&post=202330"},{"taxonomy":"post_tag","embeddable":true,"href":"https:\/\/diarioregionaldigital.com.br\/index.php?rest_route=%2Fwp%2Fv2%2Ftags&post=202330"}],"curies":[{"name":"wp","href":"https:\/\/api.w.org\/{rel}","templated":true}]}}