{"id":202303,"date":"2022-07-28T20:36:15","date_gmt":"2022-07-28T23:36:15","guid":{"rendered":"https:\/\/diarioregionaldigital.com.br\/?p=202303"},"modified":"2022-07-28T20:36:37","modified_gmt":"2022-07-28T23:36:37","slug":"prefeita-visita-parcao-na-praca-menelick-de-carvalho-nesta-quinta-28","status":"publish","type":"post","link":"https:\/\/diarioregionaldigital.com.br\/?p=202303","title":{"rendered":"Prefeita visita Parc\u00e3o na pra\u00e7a Menelick de Carvalho nesta quinta, 28"},"content":{"rendered":"<p>Segundo informa\u00e7\u00f5es do site da Prefeitura de Juiz de Fora (PJF), a prefeita Margarida Salom\u00e3o visitou na manh\u00e3 desta quinta-feira, 28, o Parc\u00e3o da Pra\u00e7a Menelick de Carvalho, no bairro Santa Helena. O local dedicado \u00e0 divers\u00e3o dos pets era uma antiga reivindica\u00e7\u00e3o dos moradores do entorno da pra\u00e7a, que buscavam um espa\u00e7o mais seguro para que os animais pudessem correr e brincar livremente.<br \/>\nA chefe do executivo municipal ressaltou o cuidado com a pra\u00e7a, que recebeu a<a href=\"https:\/\/www.pjf.mg.gov.br\/noticias\/view.php?modo=link2&amp;idnoticia2=74566\">\u00a0<strong>revitaliza\u00e7\u00e3o art\u00edstica do projeto \u201c\u00c9 Nois na Pra\u00e7a\u201d<\/strong><\/a>, e a import\u00e2ncia da constru\u00e7\u00e3o do parc\u00e3o. \u201cEstamos aqui na Pra\u00e7a Menelick de Carvalho, que est\u00e1 muito bem cuidada, muito bem embelezada com as interven\u00e7\u00f5es que foram feitas aqui, e que agora est\u00e1 ganhando um parc\u00e3o. \u00c9 muito bom que n\u00f3s tenhamos este espa\u00e7o, \u00e9 uma obra simples, mas relevante do ponto de vista social\u201d, enfatizou a prefeita, destacando o grande n\u00famero de pessoas que j\u00e1 ocupava a pra\u00e7a com seus c\u00e3es durante a manh\u00e3.<br \/>\nIvana Elisa, servidora p\u00fablica e moradora do bairro, j\u00e1 estava aproveitando o espa\u00e7o com Locke e Latrell, seus dois c\u00e3es. \u201cAchei muito bom, queria agradecer a iniciativa. Foi muito maravilhoso pra gente. Quem mora no Centro acabava tendo que se deslocar para outros bairros, porque aqui n\u00e3o t\u00ednhamos como soltar os animais. Al\u00e9m de tudo, aqui se tornou tamb\u00e9m um espa\u00e7o de confraterniza\u00e7\u00e3o entre os tutores\u201d, comemora e destaca Ivana.<br \/>\nO diretor-presidente da Empav, Richard Tavares, refor\u00e7ou a fala da prefeita quanto \u00e0 relev\u00e2ncia social do parc\u00e3o. \u201cEsta era uma demanda de anos da popula\u00e7\u00e3o dessa regi\u00e3o e, como j\u00e1 podemos perceber, pouco tempo ap\u00f3s a conclus\u00e3o das obras, j\u00e1 temos diversas pessoas aproveitando o espa\u00e7o com os seus animais. Al\u00e9m de proporcionar um divertimento seguro para os pets, o parc\u00e3o tamb\u00e9m pode ser um ponto de encontro e de socializa\u00e7\u00e3o\u201d, destacou Richard.<br \/>\nAs obras de instala\u00e7\u00e3o do parc\u00e3o duraram cerca de 15 dias. Al\u00e9m da Menelick de Carvalho, outra pra\u00e7a da regi\u00e3o tamb\u00e9m est\u00e1 ganhando um parc\u00e3o: a Pedro Marques, tamb\u00e9m conhecida como \u201cPra\u00e7a da Melquita\u201d. Os trabalhos por l\u00e1 seguem em andamento e a previs\u00e3o \u00e9 que sejam conclu\u00eddos at\u00e9 in\u00edcio de agosto.<\/p>\n<p>&nbsp;<\/p>\n","protected":false},"excerpt":{"rendered":"<p>Segundo informa\u00e7\u00f5es do site da Prefeitura de Juiz de Fora (PJF), a prefeita Margarida Salom\u00e3o visitou na manh\u00e3 desta quinta-feira, 28, o Parc\u00e3o da Pra\u00e7a Menelick de Carvalho, no bairro Santa Helena. O local dedicado \u00e0 divers\u00e3o dos pets era uma antiga reivindica\u00e7\u00e3o dos moradores do entorno da pra\u00e7a, que buscavam um espa\u00e7o mais seguro [&hellip;]<\/p>\n","protected":false},"author":246,"featured_media":202304,"comment_status":"closed","ping_status":"closed","sticky":false,"template":"","format":"standard","meta":{"footnotes":""},"categories":[253,436,439],"tags":[],"class_list":["post-202303","post","type-post","status-publish","format-standard","has-post-thumbnail","hentry","category-cidade","category-destaque-da-semana","category-ultima-hora"],"_links":{"self":[{"href":"https:\/\/diarioregionaldigital.com.br\/index.php?rest_route=\/wp\/v2\/posts\/202303","targetHints":{"allow":["GET"]}}],"collection":[{"href":"https:\/\/diarioregionaldigital.com.br\/index.php?rest_route=\/wp\/v2\/posts"}],"about":[{"href":"https:\/\/diarioregionaldigital.com.br\/index.php?rest_route=\/wp\/v2\/types\/post"}],"author":[{"embeddable":true,"href":"https:\/\/diarioregionaldigital.com.br\/index.php?rest_route=\/wp\/v2\/users\/246"}],"replies":[{"embeddable":true,"href":"https:\/\/diarioregionaldigital.com.br\/index.php?rest_route=%2Fwp%2Fv2%2Fcomments&post=202303"}],"version-history":[{"count":1,"href":"https:\/\/diarioregionaldigital.com.br\/index.php?rest_route=\/wp\/v2\/posts\/202303\/revisions"}],"predecessor-version":[{"id":202305,"href":"https:\/\/diarioregionaldigital.com.br\/index.php?rest_route=\/wp\/v2\/posts\/202303\/revisions\/202305"}],"wp:featuredmedia":[{"embeddable":true,"href":"https:\/\/diarioregionaldigital.com.br\/index.php?rest_route=\/wp\/v2\/media\/202304"}],"wp:attachment":[{"href":"https:\/\/diarioregionaldigital.com.br\/index.php?rest_route=%2Fwp%2Fv2%2Fmedia&parent=202303"}],"wp:term":[{"taxonomy":"category","embeddable":true,"href":"https:\/\/diarioregionaldigital.com.br\/index.php?rest_route=%2Fwp%2Fv2%2Fcategories&post=202303"},{"taxonomy":"post_tag","embeddable":true,"href":"https:\/\/diarioregionaldigital.com.br\/index.php?rest_route=%2Fwp%2Fv2%2Ftags&post=202303"}],"curies":[{"name":"wp","href":"https:\/\/api.w.org\/{rel}","templated":true}]}}