{"id":202272,"date":"2022-07-28T20:08:11","date_gmt":"2022-07-28T23:08:11","guid":{"rendered":"https:\/\/diarioregionaldigital.com.br\/?p=202272"},"modified":"2022-07-28T20:08:11","modified_gmt":"2022-07-28T23:08:11","slug":"proposta-elimina-exigencia-legal-de-area-de-protecao-e-floresta-em-terra-doada-pela-uniao-em-rondonia","status":"publish","type":"post","link":"https:\/\/diarioregionaldigital.com.br\/?p=202272","title":{"rendered":"Proposta elimina exig\u00eancia legal de \u00e1rea de prote\u00e7\u00e3o e floresta em terra doada pela Uni\u00e3o em Rond\u00f4nia"},"content":{"rendered":"<p>O Projeto de Lei 1158\/22 retira a exig\u00eancia de cria\u00e7\u00e3o de uma \u00e1rea de prote\u00e7\u00e3o ambiental e de uma floresta estadual em terras doadas pela Uni\u00e3o ao estado de Rond\u00f4nia. O texto em an\u00e1lise na C\u00e2mara dos Deputados altera a Lei 12.249\/10, que trata de benef\u00edcios fiscais e \u00e9 oriunda da Medida Provis\u00f3ria 472\/09.<\/p>\n<p>Ao analisar a MP, o Congresso Nacional aprovou, entre outros pontos, a mudan\u00e7a dos limites da Floresta Nacional do Bom Futuro (RO), ent\u00e3o encolhida de 280 mil hectares para 97,3 mil hectares. As terras da Uni\u00e3o desafetadas acabaram doadas a Rond\u00f4nia sob a condi\u00e7\u00e3o de cria\u00e7\u00e3o da \u00e1rea de prote\u00e7\u00e3o e da floresta no local.<\/p>\n<p>Segundo os autores da proposta, a deputada Jaqueline Cassol (PP-RO) e outros cinco parlamentares, existem grandes dificuldades para a regulariza\u00e7\u00e3o fundi\u00e1ria na regi\u00e3o, entre elas o alto custo para os cofres p\u00fablicos. Al\u00e9m disso, dizem os autores, a situa\u00e7\u00e3o hoje configuraria inger\u00eancia da Uni\u00e3o em um ente federativo.<\/p>\n<p>\u201cPor ser claramente inconstitucional, \u00e9 preciso retirar a imposi\u00e7\u00e3o prevista na Lei 12.249\/10, deixando para Rond\u00f4nia a solu\u00e7\u00e3o da quest\u00e3o\u201d, disseram Jaqueline Cassol e os demais autores, no documento que acompanha o projeto. Segundo eles, essa medida n\u00e3o altera quest\u00e3o de m\u00e9rito, apenas devolve ao estado a autonomia para gerir as suas terras.<\/p>\n<p>Tramita\u00e7\u00e3o<br \/>\nO projeto tramita em car\u00e1ter conclusivo e ser\u00e1 analisado pelas comiss\u00f5es de Integra\u00e7\u00e3o Nacional, Desenvolvimento Regional e da Amaz\u00f4nia; de Meio Ambiente e Desenvolvimento Sustent\u00e1vel; e de Constitui\u00e7\u00e3o e Justi\u00e7a e de Cidadania.<\/p>\n<p>Fonte: Ag\u00eancia C\u00e2mara de Not\u00edcias<\/p>\n","protected":false},"excerpt":{"rendered":"<p>O Projeto de Lei 1158\/22 retira a exig\u00eancia de cria\u00e7\u00e3o de uma \u00e1rea de prote\u00e7\u00e3o ambiental e de uma floresta estadual em terras doadas pela Uni\u00e3o ao estado de Rond\u00f4nia. O texto em an\u00e1lise na C\u00e2mara dos Deputados altera a Lei 12.249\/10, que trata de benef\u00edcios fiscais e \u00e9 oriunda da Medida Provis\u00f3ria 472\/09. Ao [&hellip;]<\/p>\n","protected":false},"author":246,"featured_media":202273,"comment_status":"closed","ping_status":"closed","sticky":false,"template":"","format":"standard","meta":{"footnotes":""},"categories":[436,254,439],"tags":[],"class_list":["post-202272","post","type-post","status-publish","format-standard","has-post-thumbnail","hentry","category-destaque-da-semana","category-politica","category-ultima-hora"],"_links":{"self":[{"href":"https:\/\/diarioregionaldigital.com.br\/index.php?rest_route=\/wp\/v2\/posts\/202272","targetHints":{"allow":["GET"]}}],"collection":[{"href":"https:\/\/diarioregionaldigital.com.br\/index.php?rest_route=\/wp\/v2\/posts"}],"about":[{"href":"https:\/\/diarioregionaldigital.com.br\/index.php?rest_route=\/wp\/v2\/types\/post"}],"author":[{"embeddable":true,"href":"https:\/\/diarioregionaldigital.com.br\/index.php?rest_route=\/wp\/v2\/users\/246"}],"replies":[{"embeddable":true,"href":"https:\/\/diarioregionaldigital.com.br\/index.php?rest_route=%2Fwp%2Fv2%2Fcomments&post=202272"}],"version-history":[{"count":1,"href":"https:\/\/diarioregionaldigital.com.br\/index.php?rest_route=\/wp\/v2\/posts\/202272\/revisions"}],"predecessor-version":[{"id":202274,"href":"https:\/\/diarioregionaldigital.com.br\/index.php?rest_route=\/wp\/v2\/posts\/202272\/revisions\/202274"}],"wp:featuredmedia":[{"embeddable":true,"href":"https:\/\/diarioregionaldigital.com.br\/index.php?rest_route=\/wp\/v2\/media\/202273"}],"wp:attachment":[{"href":"https:\/\/diarioregionaldigital.com.br\/index.php?rest_route=%2Fwp%2Fv2%2Fmedia&parent=202272"}],"wp:term":[{"taxonomy":"category","embeddable":true,"href":"https:\/\/diarioregionaldigital.com.br\/index.php?rest_route=%2Fwp%2Fv2%2Fcategories&post=202272"},{"taxonomy":"post_tag","embeddable":true,"href":"https:\/\/diarioregionaldigital.com.br\/index.php?rest_route=%2Fwp%2Fv2%2Ftags&post=202272"}],"curies":[{"name":"wp","href":"https:\/\/api.w.org\/{rel}","templated":true}]}}