{"id":202269,"date":"2022-07-28T20:04:34","date_gmt":"2022-07-28T23:04:34","guid":{"rendered":"https:\/\/diarioregionaldigital.com.br\/?p=202269"},"modified":"2022-07-28T20:04:34","modified_gmt":"2022-07-28T23:04:34","slug":"projeto-permite-saque-do-fgts-a-trabalhador-que-pede-demissao","status":"publish","type":"post","link":"https:\/\/diarioregionaldigital.com.br\/?p=202269","title":{"rendered":"Projeto permite saque do FGTS a trabalhador que pede demiss\u00e3o"},"content":{"rendered":"<p>O Projeto de Lei 1747\/22 autoriza o trabalhador que pedir demiss\u00e3o a sacar os valores na sua conta vinculada no Fundo de Garantia do Tempo de Servi\u00e7o (FGTS). O texto tramita na C\u00e2mara dos Deputados.<\/p>\n<p>A proposta \u00e9 do deputado <a href=\"https:\/\/www.camara.leg.br\/deputados\/151208\">Laercio Oliveira (PP-SE)<\/a> e altera a lei que regulamenta o fundo (<a href=\"https:\/\/www2.camara.leg.br\/legin\/fed\/lei\/1990\/lei-8036-11-maio-1990-365155-norma-pl.html\">Lei 8.036\/90<\/a>).<\/p>\n<p>Atualmente, o trabalhador que pede demiss\u00e3o n\u00e3o pode movimentar o saldo no FGTS. Os cr\u00e9ditos s\u00e3o liberados apenas quando a rescis\u00e3o se d\u00e1 por iniciativa do empregador. Para Oliveira, a regra trata de forma desigual os dois polos da rela\u00e7\u00e3o trabalhista (empregado e empregador).<\/p>\n<p>\u201cN\u00e3o \u00e9 justo que o trabalhador arque com o custo da rescis\u00e3o. O empregado sem acesso imediato ao seu FGTS e sem o seguro-desemprego, que foram adquiridos com o exerc\u00edcio do seu trabalho, fica sem poder exercer um direito consolidado\u201d, diz o deputado.<\/p>\n<p>Al\u00e9m da demiss\u00e3o sem justa causa, a lei permite que o trabalhador movimente o saldo no FGTS em outras situa\u00e7\u00f5es, como aposentadoria e pagamento de financiamento imobili\u00e1rio.<\/p>\n<p><strong>Tramita\u00e7\u00e3o<br \/>\n<\/strong>O projeto ser\u00e1 analisado em <span id=\"4322\" class=\"termoGlossario\" title=\"\" contenteditable=\"false\" data-toggle=\"tooltip\" data-placement=\"top\" data-original-title=\"Rito de tramita\u00e7\u00e3o pelo qual o projeto \u00e9 votado apenas pelas comiss\u00f5es designadas para analis\u00e1-lo, dispensada a delibera\u00e7\u00e3o do Plen\u00e1rio. O projeto perde o car\u00e1ter conclusivo se houver decis\u00e3o divergente entre as comiss\u00f5es ou se, independentemente de ser aprovado ou rejeitado, houver recurso assinado por 52 deputados para a aprecia\u00e7\u00e3o da mat\u00e9ria no Plen\u00e1rio.\">car\u00e1ter conclusivo<\/span> pelas comiss\u00f5es de Trabalho, de Administra\u00e7\u00e3o e Servi\u00e7o P\u00fablico; de Finan\u00e7as e Tributa\u00e7\u00e3o; e de Constitui\u00e7\u00e3o e Justi\u00e7a e de Cidadania (CCJ).<\/p>\n<p>Fonte: Ag\u00eancia C\u00e2mara de Not\u00edcias<\/p>\n","protected":false},"excerpt":{"rendered":"<p>O Projeto de Lei 1747\/22 autoriza o trabalhador que pedir demiss\u00e3o a sacar os valores na sua conta vinculada no Fundo de Garantia do Tempo de Servi\u00e7o (FGTS). O texto tramita na C\u00e2mara dos Deputados. A proposta \u00e9 do deputado Laercio Oliveira (PP-SE) e altera a lei que regulamenta o fundo (Lei 8.036\/90). Atualmente, o [&hellip;]<\/p>\n","protected":false},"author":246,"featured_media":202270,"comment_status":"closed","ping_status":"closed","sticky":false,"template":"","format":"standard","meta":{"footnotes":""},"categories":[436,254,439],"tags":[],"class_list":["post-202269","post","type-post","status-publish","format-standard","has-post-thumbnail","hentry","category-destaque-da-semana","category-politica","category-ultima-hora"],"_links":{"self":[{"href":"https:\/\/diarioregionaldigital.com.br\/index.php?rest_route=\/wp\/v2\/posts\/202269","targetHints":{"allow":["GET"]}}],"collection":[{"href":"https:\/\/diarioregionaldigital.com.br\/index.php?rest_route=\/wp\/v2\/posts"}],"about":[{"href":"https:\/\/diarioregionaldigital.com.br\/index.php?rest_route=\/wp\/v2\/types\/post"}],"author":[{"embeddable":true,"href":"https:\/\/diarioregionaldigital.com.br\/index.php?rest_route=\/wp\/v2\/users\/246"}],"replies":[{"embeddable":true,"href":"https:\/\/diarioregionaldigital.com.br\/index.php?rest_route=%2Fwp%2Fv2%2Fcomments&post=202269"}],"version-history":[{"count":1,"href":"https:\/\/diarioregionaldigital.com.br\/index.php?rest_route=\/wp\/v2\/posts\/202269\/revisions"}],"predecessor-version":[{"id":202271,"href":"https:\/\/diarioregionaldigital.com.br\/index.php?rest_route=\/wp\/v2\/posts\/202269\/revisions\/202271"}],"wp:featuredmedia":[{"embeddable":true,"href":"https:\/\/diarioregionaldigital.com.br\/index.php?rest_route=\/wp\/v2\/media\/202270"}],"wp:attachment":[{"href":"https:\/\/diarioregionaldigital.com.br\/index.php?rest_route=%2Fwp%2Fv2%2Fmedia&parent=202269"}],"wp:term":[{"taxonomy":"category","embeddable":true,"href":"https:\/\/diarioregionaldigital.com.br\/index.php?rest_route=%2Fwp%2Fv2%2Fcategories&post=202269"},{"taxonomy":"post_tag","embeddable":true,"href":"https:\/\/diarioregionaldigital.com.br\/index.php?rest_route=%2Fwp%2Fv2%2Ftags&post=202269"}],"curies":[{"name":"wp","href":"https:\/\/api.w.org\/{rel}","templated":true}]}}