{"id":202265,"date":"2022-07-28T20:01:40","date_gmt":"2022-07-28T23:01:40","guid":{"rendered":"https:\/\/diarioregionaldigital.com.br\/?p=202265"},"modified":"2022-07-28T20:01:40","modified_gmt":"2022-07-28T23:01:40","slug":"sancionada-lei-que-facilita-instalacao-de-antenas-5g","status":"publish","type":"post","link":"https:\/\/diarioregionaldigital.com.br\/?p=202265","title":{"rendered":"Sancionada lei que facilita instala\u00e7\u00e3o de antenas 5G"},"content":{"rendered":"<p>O presidente Jair Bolsonaro sancionou sem vetos a\u00a0<a href=\"https:\/\/www.in.gov.br\/web\/dou\/-\/lei-n-14.424-de-27-de-julho-de-2022-418321676\" target=\"_blank\" rel=\"noopener\">Lei 14.424\/2022<\/a>\u00a0que autoriza as operadoras a\u00a0instalarem\u00a0infraestrutura de telecomunica\u00e7\u00f5es em \u00e1reas urbanas, caso o \u00f3rg\u00e3o competente n\u00e3o se manifeste sobre o pedido em 60 dias. Conhecida como &#8220;sil\u00eancio positivo&#8221;, a autoriza\u00e7\u00e3o deve\u00a0facilitar\u00a0a implanta\u00e7\u00e3o das antenas 5G de internet no Brasil.<img decoding=\"async\" src=\"https:\/\/agenciabrasil.ebc.com.br\/ebc.png?id=1473150&amp;o=node\" \/><img decoding=\"async\" src=\"https:\/\/agenciabrasil.ebc.com.br\/ebc.gif?id=1473150&amp;o=node\" \/><\/p>\n<p>Na pr\u00e1tica, a\u00a0norma altera a\u00a0Lei Geral das Antenas (13.116\/2015), para garantir uma rapidez na oferta de infraestrutura de telefonia e internet, j\u00e1 que cada munic\u00edpio disp\u00f5e de normais locais.\u00a0Apesar da facilita\u00e7\u00e3o,\u00a0as empresas\u00a0n\u00e3o\u00a0est\u00e3o isentas de seguir as regras municipais de ocupa\u00e7\u00e3o do solo.<\/p>\n<p>O texto estabelece que\u00a0o \u00f3rg\u00e3o ou entidade competente poder\u00e1 cassar, a qualquer tempo, a licen\u00e7a, caso as condi\u00e7\u00f5es estipuladas no requerimento ou em demais leis e normas pertinentes sejam descumpridas. A lei tamb\u00e9m garante que cabe\u00a0recurso administrativo com efeito suspensivo da decis\u00e3o.<\/p>\n<p>Nas situa\u00e7\u00f5es em que a\u00a0decis\u00e3o administrativa\u00a0final de \u00f3rg\u00e3o ou entidade competente\u00a0for\u00a0pela retirada da infraestrutura, a responsabilidade de retirar os equipamentos ser\u00e1 da empresa requerente das licen\u00e7as \u2013 as operadoras ou torreiras. Tamb\u00e9m caber\u00e1 \u00e0s prestadoras a repara\u00e7\u00e3o dos eventuais danos causados ao meio ambiente e a terceiros.<\/p>\n<h2>Hist\u00f3rico<\/h2>\n<p>No in\u00edcio\u00a0de julho, o\u00a0<a href=\"http:\/\/https\/\/agenciabrasil.ebc.com.br\/politica\/noticia\/2022-07\/senado-aprova-projeto-que-facilita-instalacao-de-antenas-de-telefonia\" target=\"_blank\" rel=\"noopener\">Senado\u00a0aprovou a vers\u00e3o final<\/a>\u00a0do texto\u00a0que teve origem na C\u00e2mara dos Deputados.<\/p>\n<p>\u00c0 \u00e9poca, o senador Izalci Lucas (PSDB-DF), relator da mat\u00e9ria no Senado, disse que a iniciativa pretende solucionar a\u00a0controv\u00e9rsia\u00a0possibilitando \u00e0s operadoras de telecomunica\u00e7\u00f5es a instala\u00e7\u00e3o de seus equipamentos ap\u00f3s decorrido o prazo legal, caso os \u00f3rg\u00e3os competentes n\u00e3o se manifestem sobre seu pedido.<\/p>\n<p><span style=\"font-weight: 400;\">Fonte: Ag\u00eancia Brasil <\/span><\/p>\n","protected":false},"excerpt":{"rendered":"<p>O presidente Jair Bolsonaro sancionou sem vetos a\u00a0Lei 14.424\/2022\u00a0que autoriza as operadoras a\u00a0instalarem\u00a0infraestrutura de telecomunica\u00e7\u00f5es em \u00e1reas urbanas, caso o \u00f3rg\u00e3o competente n\u00e3o se manifeste sobre o pedido em 60 dias. Conhecida como &#8220;sil\u00eancio positivo&#8221;, a autoriza\u00e7\u00e3o deve\u00a0facilitar\u00a0a implanta\u00e7\u00e3o das antenas 5G de internet no Brasil. Na pr\u00e1tica, a\u00a0norma altera a\u00a0Lei Geral das Antenas (13.116\/2015), [&hellip;]<\/p>\n","protected":false},"author":246,"featured_media":202266,"comment_status":"closed","ping_status":"closed","sticky":false,"template":"","format":"standard","meta":{"footnotes":""},"categories":[436,440,254,439],"tags":[],"class_list":["post-202265","post","type-post","status-publish","format-standard","has-post-thumbnail","hentry","category-destaque-da-semana","category-destaques-do-dia","category-politica","category-ultima-hora"],"_links":{"self":[{"href":"https:\/\/diarioregionaldigital.com.br\/index.php?rest_route=\/wp\/v2\/posts\/202265","targetHints":{"allow":["GET"]}}],"collection":[{"href":"https:\/\/diarioregionaldigital.com.br\/index.php?rest_route=\/wp\/v2\/posts"}],"about":[{"href":"https:\/\/diarioregionaldigital.com.br\/index.php?rest_route=\/wp\/v2\/types\/post"}],"author":[{"embeddable":true,"href":"https:\/\/diarioregionaldigital.com.br\/index.php?rest_route=\/wp\/v2\/users\/246"}],"replies":[{"embeddable":true,"href":"https:\/\/diarioregionaldigital.com.br\/index.php?rest_route=%2Fwp%2Fv2%2Fcomments&post=202265"}],"version-history":[{"count":2,"href":"https:\/\/diarioregionaldigital.com.br\/index.php?rest_route=\/wp\/v2\/posts\/202265\/revisions"}],"predecessor-version":[{"id":202268,"href":"https:\/\/diarioregionaldigital.com.br\/index.php?rest_route=\/wp\/v2\/posts\/202265\/revisions\/202268"}],"wp:featuredmedia":[{"embeddable":true,"href":"https:\/\/diarioregionaldigital.com.br\/index.php?rest_route=\/wp\/v2\/media\/202266"}],"wp:attachment":[{"href":"https:\/\/diarioregionaldigital.com.br\/index.php?rest_route=%2Fwp%2Fv2%2Fmedia&parent=202265"}],"wp:term":[{"taxonomy":"category","embeddable":true,"href":"https:\/\/diarioregionaldigital.com.br\/index.php?rest_route=%2Fwp%2Fv2%2Fcategories&post=202265"},{"taxonomy":"post_tag","embeddable":true,"href":"https:\/\/diarioregionaldigital.com.br\/index.php?rest_route=%2Fwp%2Fv2%2Ftags&post=202265"}],"curies":[{"name":"wp","href":"https:\/\/api.w.org\/{rel}","templated":true}]}}