{"id":202251,"date":"2022-07-28T19:42:05","date_gmt":"2022-07-28T22:42:05","guid":{"rendered":"https:\/\/diarioregionaldigital.com.br\/?p=202251"},"modified":"2022-07-29T09:25:49","modified_gmt":"2022-07-29T12:25:49","slug":"dolar-cai-para-r-516-com-pib-fraco-nos-estados-unidos","status":"publish","type":"post","link":"https:\/\/diarioregionaldigital.com.br\/?p=202251","title":{"rendered":"D\u00f3lar cai para R$ 5,16 com PIB fraco nos Estados Unidos"},"content":{"rendered":"<p>O desaquecimento da economia norte-americana reduziu as press\u00f5es no mercado financeiro. O d\u00f3lar caiu para o menor valor em quase 40 dias e passou a acumular queda em julho. A bolsa de valores superou os 102 mil pontos e fechou no maior n\u00edvel em um m\u00eas e meio.<img decoding=\"async\" src=\"https:\/\/agenciabrasil.ebc.com.br\/ebc.png?id=1473239&amp;o=node\" \/><img decoding=\"async\" src=\"https:\/\/agenciabrasil.ebc.com.br\/ebc.gif?id=1473239&amp;o=node\" \/><\/p>\n<p>O d\u00f3lar comercial encerrou esta quinta-feira (28) vendido a R$ 5,163, com queda de R$ 0,088 (-1,67%). A cota\u00e7\u00e3o chegou a abrir em alta, mas passou a despencar ap\u00f3s a abertura do mercado norte-americano. Durante a tarde, caiu ainda mais, influenciada por not\u00edcias dom\u00e9sticas.<\/p>\n<p>Com o desempenho de hoje, o d\u00f3lar, que subia em julho, passou a acumular queda de 1,38% no m\u00eas. Em 2022, a divisa cai 7,41%.<\/p>\n<p>O dia tamb\u00e9m foi marcado pela euforia no mercado de a\u00e7\u00f5es. O \u00edndice Ibovespa, da B3, fechou aos 102.597 pontos, com alta de 1,14%. Em alta pelo segundo dia seguido, o indicador est\u00e1 no maior patamar desde 15 de junho.<\/p>\n<p>No mercado internacional, a divulga\u00e7\u00e3o de que os Estados Unidos entraram em recess\u00e3o t\u00e9cnica, com o Produto Interno Bruto (PIB) encolhendo pelo segundo trimestre seguido, aliviou o mercado. Isso porque os investidores julgam cada vez mais prov\u00e1vel que a maior economia do planeta entrar\u00e1 em recess\u00e3o oficial (com tr\u00eas trimestres seguidos de queda), o que permitir\u00e1 ao Federal Reserve (Fed, Banco Central norte-americano) come\u00e7ar a baixar os juros em 2023.<\/p>\n<p>Taxas mais altas em economias avan\u00e7adas estimulam a fuga de capitais de pa\u00edses emergentes, como o Brasil. No mercado dom\u00e9stico, o super\u00e1vit prim\u00e1rio em junho al\u00e9m das expectativas LINK 1 e a divulga\u00e7\u00e3o de que a Petrobras distribuir\u00e1 volume recorde de dividendos LINK 2 ajudaram a beneficiar o real.<\/p>\n<p><span style=\"font-weight: 400;\"><br \/>\n<\/span><span style=\"font-weight: 400;\">Fonte: Ag\u00eancia Brasil <\/span><\/p>\n","protected":false},"excerpt":{"rendered":"<p>O desaquecimento da economia norte-americana reduziu as press\u00f5es no mercado financeiro. O d\u00f3lar caiu para o menor valor em quase 40 dias e passou a acumular queda em julho. A bolsa de valores superou os 102 mil pontos e fechou no maior n\u00edvel em um m\u00eas e meio. O d\u00f3lar comercial encerrou esta quinta-feira (28) [&hellip;]<\/p>\n","protected":false},"author":246,"featured_media":202252,"comment_status":"closed","ping_status":"closed","sticky":false,"template":"","format":"standard","meta":{"footnotes":""},"categories":[436,440,261,439],"tags":[],"class_list":["post-202251","post","type-post","status-publish","format-standard","has-post-thumbnail","hentry","category-destaque-da-semana","category-destaques-do-dia","category-economia","category-ultima-hora"],"_links":{"self":[{"href":"https:\/\/diarioregionaldigital.com.br\/index.php?rest_route=\/wp\/v2\/posts\/202251","targetHints":{"allow":["GET"]}}],"collection":[{"href":"https:\/\/diarioregionaldigital.com.br\/index.php?rest_route=\/wp\/v2\/posts"}],"about":[{"href":"https:\/\/diarioregionaldigital.com.br\/index.php?rest_route=\/wp\/v2\/types\/post"}],"author":[{"embeddable":true,"href":"https:\/\/diarioregionaldigital.com.br\/index.php?rest_route=\/wp\/v2\/users\/246"}],"replies":[{"embeddable":true,"href":"https:\/\/diarioregionaldigital.com.br\/index.php?rest_route=%2Fwp%2Fv2%2Fcomments&post=202251"}],"version-history":[{"count":1,"href":"https:\/\/diarioregionaldigital.com.br\/index.php?rest_route=\/wp\/v2\/posts\/202251\/revisions"}],"predecessor-version":[{"id":202253,"href":"https:\/\/diarioregionaldigital.com.br\/index.php?rest_route=\/wp\/v2\/posts\/202251\/revisions\/202253"}],"wp:featuredmedia":[{"embeddable":true,"href":"https:\/\/diarioregionaldigital.com.br\/index.php?rest_route=\/wp\/v2\/media\/202252"}],"wp:attachment":[{"href":"https:\/\/diarioregionaldigital.com.br\/index.php?rest_route=%2Fwp%2Fv2%2Fmedia&parent=202251"}],"wp:term":[{"taxonomy":"category","embeddable":true,"href":"https:\/\/diarioregionaldigital.com.br\/index.php?rest_route=%2Fwp%2Fv2%2Fcategories&post=202251"},{"taxonomy":"post_tag","embeddable":true,"href":"https:\/\/diarioregionaldigital.com.br\/index.php?rest_route=%2Fwp%2Fv2%2Ftags&post=202251"}],"curies":[{"name":"wp","href":"https:\/\/api.w.org\/{rel}","templated":true}]}}