{"id":202192,"date":"2022-07-27T20:06:39","date_gmt":"2022-07-27T23:06:39","guid":{"rendered":"https:\/\/diarioregionaldigital.com.br\/?p=202192"},"modified":"2022-07-27T20:07:13","modified_gmt":"2022-07-27T23:07:13","slug":"reajustes-salariais-de-julho-ficaram-703-abaixo-do-inpc-mostra-fipe","status":"publish","type":"post","link":"https:\/\/diarioregionaldigital.com.br\/?p=202192","title":{"rendered":"Reajustes salariais de julho ficaram 70,3% abaixo do INPC, mostra Fipe"},"content":{"rendered":"<p>O resultado preliminar das negocia\u00e7\u00f5es salariais coletivas em julho mostra que 70,3% dos reajustes est\u00e3o abaixo do \u00cdndice Nacional de Pre\u00e7os ao Consumidor (INPC) acumulado, indicou o boletim mensal Salari\u00f4metro &#8211; Mercado de Trabalho e Negocia\u00e7\u00f5es Coletivas da Funda\u00e7\u00e3o Instituto de Pesquisas Econ\u00f4micas (Fipe).<img decoding=\"async\" src=\"https:\/\/agenciabrasil.ebc.com.br\/ebc.png?id=1472856&amp;o=node\" \/><img decoding=\"async\" src=\"https:\/\/agenciabrasil.ebc.com.br\/ebc.gif?id=1472856&amp;o=node\" \/><\/p>\n<p>Segundo os dados preliminares, a propor\u00e7\u00e3o de reajustes iguais ao INPC foi de 4,4% e a de reajustes acima do INCP foi de 25,3%. O piso salarial mediano foi de R$ 1.441 e o piso m\u00e9dio foi de R$ 1.476. De acordo com o boletim, em julho houve 70 acordos e 21 conven\u00e7\u00f5es.<\/p>\n<p>O informativo diz ainda que em junho 41,3% dos reajustes ficaram acima do INPC, sendo a maior propor\u00e7\u00e3o dos \u00faltimos 12 meses, e o reajuste mediano ficou igual ao INPC acumulado.<\/p>\n<p><span style=\"font-weight: 400;\">Fonte: Ag\u00eancia Brasil <\/span><\/p>\n","protected":false},"excerpt":{"rendered":"<p>O resultado preliminar das negocia\u00e7\u00f5es salariais coletivas em julho mostra que 70,3% dos reajustes est\u00e3o abaixo do \u00cdndice Nacional de Pre\u00e7os ao Consumidor (INPC) acumulado, indicou o boletim mensal Salari\u00f4metro &#8211; Mercado de Trabalho e Negocia\u00e7\u00f5es Coletivas da Funda\u00e7\u00e3o Instituto de Pesquisas Econ\u00f4micas (Fipe). Segundo os dados preliminares, a propor\u00e7\u00e3o de reajustes iguais ao INPC [&hellip;]<\/p>\n","protected":false},"author":246,"featured_media":202193,"comment_status":"closed","ping_status":"closed","sticky":false,"template":"","format":"standard","meta":{"footnotes":""},"categories":[436,261,439],"tags":[],"class_list":["post-202192","post","type-post","status-publish","format-standard","has-post-thumbnail","hentry","category-destaque-da-semana","category-economia","category-ultima-hora"],"_links":{"self":[{"href":"https:\/\/diarioregionaldigital.com.br\/index.php?rest_route=\/wp\/v2\/posts\/202192","targetHints":{"allow":["GET"]}}],"collection":[{"href":"https:\/\/diarioregionaldigital.com.br\/index.php?rest_route=\/wp\/v2\/posts"}],"about":[{"href":"https:\/\/diarioregionaldigital.com.br\/index.php?rest_route=\/wp\/v2\/types\/post"}],"author":[{"embeddable":true,"href":"https:\/\/diarioregionaldigital.com.br\/index.php?rest_route=\/wp\/v2\/users\/246"}],"replies":[{"embeddable":true,"href":"https:\/\/diarioregionaldigital.com.br\/index.php?rest_route=%2Fwp%2Fv2%2Fcomments&post=202192"}],"version-history":[{"count":2,"href":"https:\/\/diarioregionaldigital.com.br\/index.php?rest_route=\/wp\/v2\/posts\/202192\/revisions"}],"predecessor-version":[{"id":202195,"href":"https:\/\/diarioregionaldigital.com.br\/index.php?rest_route=\/wp\/v2\/posts\/202192\/revisions\/202195"}],"wp:featuredmedia":[{"embeddable":true,"href":"https:\/\/diarioregionaldigital.com.br\/index.php?rest_route=\/wp\/v2\/media\/202193"}],"wp:attachment":[{"href":"https:\/\/diarioregionaldigital.com.br\/index.php?rest_route=%2Fwp%2Fv2%2Fmedia&parent=202192"}],"wp:term":[{"taxonomy":"category","embeddable":true,"href":"https:\/\/diarioregionaldigital.com.br\/index.php?rest_route=%2Fwp%2Fv2%2Fcategories&post=202192"},{"taxonomy":"post_tag","embeddable":true,"href":"https:\/\/diarioregionaldigital.com.br\/index.php?rest_route=%2Fwp%2Fv2%2Ftags&post=202192"}],"curies":[{"name":"wp","href":"https:\/\/api.w.org\/{rel}","templated":true}]}}