{"id":202189,"date":"2022-07-27T20:05:02","date_gmt":"2022-07-27T23:05:02","guid":{"rendered":"https:\/\/diarioregionaldigital.com.br\/?p=202189"},"modified":"2022-07-27T20:05:02","modified_gmt":"2022-07-27T23:05:02","slug":"juros-para-empresas-e-familias-sobem-em-abril-diz-bc","status":"publish","type":"post","link":"https:\/\/diarioregionaldigital.com.br\/?p=202189","title":{"rendered":"Juros para empresas e fam\u00edlias sobem em abril, diz BC"},"content":{"rendered":"<p>As taxas de juros do cr\u00e9dito para empresas e pessoas f\u00edsicas subiram em abril, de acordo com dados divulgados hoje (27) pelo Banco Central (BC).<img decoding=\"async\" src=\"https:\/\/agenciabrasil.ebc.com.br\/ebc.png?id=1472840&amp;o=node\" \/><img decoding=\"async\" src=\"https:\/\/agenciabrasil.ebc.com.br\/ebc.gif?id=1472840&amp;o=node\" \/><\/p>\n<p>A taxa m\u00e9dia de juros para pessoas f\u00edsicas e jur\u00eddicas subiu 0,8 ponto percentual em rela\u00e7\u00e3o a mar\u00e7o, para 50,3% ao ano e 22,4% ao ano, respectivamente.<\/p>\n<p>O rotativo do cart\u00e3o de cr\u00e9dito \u00e9 a taxa mais alta para as pessoas f\u00edsicas: subiu 4,9 pontos percentuais para 364% ao ano, em abril. O rotativo \u00e9 o cr\u00e9dito tomado pelo consumidor quando paga menos que o valor integral da fatura do cart\u00e3o. O cr\u00e9dito rotativo dura 30 dias. Ap\u00f3s esse prazo, as institui\u00e7\u00f5es financeiras parcelam a d\u00edvida.<\/p>\n<p>Na modalidade de parcelamento das compras pelo cart\u00e3o de cr\u00e9dito, os juros chegaram a 175,1% ao ano em abril, com aumento de 3,4 pontos percentuais.<\/p>\n<p>O cheque especial ficou com taxa m\u00e9dia de 132,7% ao ano, alta de 4,9 pontos percentuais.<\/p>\n<p>O cr\u00e9dito consignado (com desconto em folha de pagamento) apresentou alta de 0,5 ponto percentual para 24,1% ao ano.<\/p>\n<p>A \u00fanica modalidade pesquisada pelo BC que registrou queda nos juros foi o cr\u00e9dito pessoal. A taxa chegou a 87% ao ano, com redu\u00e7\u00e3o de 1 ponto percentual em rela\u00e7\u00e3o a mar\u00e7o.<\/p>\n<h2>Inadimpl\u00eancia<\/h2>\n<p>A inadimpl\u00eancia, considerados atrasos acima de 90 dias para pessoas f\u00edsicas, subiu 0,1 ponto percentual, chegando a 5%. No caso das empresas, ficou est\u00e1vel em rela\u00e7\u00e3o a mar\u00e7o em 1,7%.<\/p>\n<p>Todos os dados s\u00e3o do cr\u00e9dito livre, em que os bancos t\u00eam autonomia para emprestar o dinheiro captado no mercado e definir as taxas de juros cobradas dos clientes.<\/p>\n<h2>Cr\u00e9dito direcionado<\/h2>\n<p>No caso do cr\u00e9dito direcionado (empr\u00e9stimos com regras definidas pelo governo, destinados, basicamente, aos setores habitacional, rural, de infraestrutura e ao microcr\u00e9dito), os juros para as pessoas f\u00edsicas subiram 0,2 ponto percentual para 9,7% ao ano. A taxa cobrada das empresas subiu 3,1 pontos percentuais para 14,6% ao ano.<\/p>\n<p>A inadimpl\u00eancia no cr\u00e9dito direcionado ficou est\u00e1vel para empresas (1,1%) e pessoas f\u00edsicas (1,5%).<\/p>\n<h2>Saldo dos empr\u00e9stimos<\/h2>\n<p>O estoque de todos os empr\u00e9stimos concedidos pelos bancos ficou em R$ 4,8 trilh\u00f5es em abril, com alta de 0,8% em rela\u00e7\u00e3o a mar\u00e7o e de 16,8% em 12 meses. Esse saldo do cr\u00e9dito correspondeu a 53,7% de tudo o que o pa\u00eds produz \u2013 o Produto Interno Bruto (PIB) \u2013 com redu\u00e7\u00e3o de 0,2 ponto percentual em rela\u00e7\u00e3o a mar\u00e7o e alta de 1,1 ponto percentual, em 12 meses.<\/p>\n<p>No relat\u00f3rio, o BC destaca que o saldo das opera\u00e7\u00f5es de cr\u00e9dito com recursos livres \u00e0s empresas totalizou R$ 1,3 trilh\u00e3o em abril, com eleva\u00e7\u00f5es de 1% no m\u00eas e de 16,8% em 12 meses. \u201cEsse resultado evidenciou acelera\u00e7\u00e3o em rela\u00e7\u00e3o ao ocorrido no m\u00eas anterior, quando assinalou alta de 15,7% na compara\u00e7\u00e3o interanual. Entre as principais modalidades de cr\u00e9dito que contribu\u00edram para o desempenho do segmento de pessoas jur\u00eddicas no m\u00eas, destacaram-se as opera\u00e7\u00f5es de adiantamento de contratos de c\u00e2mbio (ACC), 8,3%, capital de giro com prazo superior a 365 dias, 1,8%, e os financiamentos \u00e0 exporta\u00e7\u00f5es, 1,8%\u201d.<\/p>\n<p>No caso do cr\u00e9dito livre \u00e0s fam\u00edlias, o saldo chegou a R$ 1,6 trilh\u00e3o em abril, com aumento de 1,8% no m\u00eas e de 25,6% na compara\u00e7\u00e3o o mesmo per\u00edodo do ano anterior. \u201cPor modalidades, destacou-se a expans\u00e3o na carteira de cr\u00e9dito pessoal consignado para aposentados e pensionistas do INSS, 5,2%, impulsionada pelo\u00a0<a href=\"https:\/\/agenciabrasil.ebc.com.br\/politica\/noticia\/2022-07\/senado-aprova-credito-consignado-para-beneficiario-de-programa-social\" target=\"_blank\" rel=\"noopener\">aumento recente da margem de consigna\u00e7\u00e3o<\/a>\u00a0[de 35% para 40%]\u201d, diz o BC.<\/p>\n<p>A autarquia destaca ainda o aumento das \u201ccarteiras de cr\u00e9dito pessoal consignado para trabalhadores do setor p\u00fablico, 1,1%, cr\u00e9dito pessoal n\u00e3o consignado, 1,4%, e de cart\u00e3o de cr\u00e9dito total, 2%\u201d.<\/p>\n<p><span style=\"font-weight: 400;\"><br \/>\n<\/span><span style=\"font-weight: 400;\">Fonte: Ag\u00eancia Brasil <\/span><\/p>\n","protected":false},"excerpt":{"rendered":"<p>As taxas de juros do cr\u00e9dito para empresas e pessoas f\u00edsicas subiram em abril, de acordo com dados divulgados hoje (27) pelo Banco Central (BC). A taxa m\u00e9dia de juros para pessoas f\u00edsicas e jur\u00eddicas subiu 0,8 ponto percentual em rela\u00e7\u00e3o a mar\u00e7o, para 50,3% ao ano e 22,4% ao ano, respectivamente. O rotativo do [&hellip;]<\/p>\n","protected":false},"author":246,"featured_media":202190,"comment_status":"closed","ping_status":"closed","sticky":false,"template":"","format":"standard","meta":{"footnotes":""},"categories":[436,261,439],"tags":[],"class_list":["post-202189","post","type-post","status-publish","format-standard","has-post-thumbnail","hentry","category-destaque-da-semana","category-economia","category-ultima-hora"],"_links":{"self":[{"href":"https:\/\/diarioregionaldigital.com.br\/index.php?rest_route=\/wp\/v2\/posts\/202189","targetHints":{"allow":["GET"]}}],"collection":[{"href":"https:\/\/diarioregionaldigital.com.br\/index.php?rest_route=\/wp\/v2\/posts"}],"about":[{"href":"https:\/\/diarioregionaldigital.com.br\/index.php?rest_route=\/wp\/v2\/types\/post"}],"author":[{"embeddable":true,"href":"https:\/\/diarioregionaldigital.com.br\/index.php?rest_route=\/wp\/v2\/users\/246"}],"replies":[{"embeddable":true,"href":"https:\/\/diarioregionaldigital.com.br\/index.php?rest_route=%2Fwp%2Fv2%2Fcomments&post=202189"}],"version-history":[{"count":1,"href":"https:\/\/diarioregionaldigital.com.br\/index.php?rest_route=\/wp\/v2\/posts\/202189\/revisions"}],"predecessor-version":[{"id":202191,"href":"https:\/\/diarioregionaldigital.com.br\/index.php?rest_route=\/wp\/v2\/posts\/202189\/revisions\/202191"}],"wp:featuredmedia":[{"embeddable":true,"href":"https:\/\/diarioregionaldigital.com.br\/index.php?rest_route=\/wp\/v2\/media\/202190"}],"wp:attachment":[{"href":"https:\/\/diarioregionaldigital.com.br\/index.php?rest_route=%2Fwp%2Fv2%2Fmedia&parent=202189"}],"wp:term":[{"taxonomy":"category","embeddable":true,"href":"https:\/\/diarioregionaldigital.com.br\/index.php?rest_route=%2Fwp%2Fv2%2Fcategories&post=202189"},{"taxonomy":"post_tag","embeddable":true,"href":"https:\/\/diarioregionaldigital.com.br\/index.php?rest_route=%2Fwp%2Fv2%2Ftags&post=202189"}],"curies":[{"name":"wp","href":"https:\/\/api.w.org\/{rel}","templated":true}]}}