{"id":202185,"date":"2022-07-27T20:03:00","date_gmt":"2022-07-27T23:03:00","guid":{"rendered":"https:\/\/diarioregionaldigital.com.br\/?p=202185"},"modified":"2022-07-27T20:03:00","modified_gmt":"2022-07-27T23:03:00","slug":"confianca-da-industria-volta-a-cair-depois-de-tres-altas-diz-fgv","status":"publish","type":"post","link":"https:\/\/diarioregionaldigital.com.br\/?p=202185","title":{"rendered":"Confian\u00e7a da ind\u00fastria volta a cair depois de tr\u00eas altas, diz FGV"},"content":{"rendered":"<p>O \u00cdndice de Confian\u00e7a da Ind\u00fastria (ICI), da Funda\u00e7\u00e3o Getulio Vargas (FGV), recuou 1,7 ponto na passagem de junho para julho deste ano, depois de tr\u00eas altas consecutivas. Com o resultado, o indicador chegou a 99,5 pontos, em uma escala de zero a 200 pontos.<img decoding=\"async\" src=\"https:\/\/agenciabrasil.ebc.com.br\/ebc.png?id=1472820&amp;o=node\" \/><img decoding=\"async\" src=\"https:\/\/agenciabrasil.ebc.com.br\/ebc.gif?id=1472820&amp;o=node\" \/><\/p>\n<p>Na m\u00e9dia m\u00f3vel trimestral, o indicador ainda apresenta alta: 0,7 ponto. Em julho, 11 dos 19 segmentos industriais pesquisados pela FGV tiveram queda na confian\u00e7a.<\/p>\n<p>O principal recuo foi observado no \u00cdndice de Expectativas, que mede a confian\u00e7a do empresariado da ind\u00fastria brasileira em rela\u00e7\u00e3o ao futuro e que perdeu 2,6 pontos, atingindo 97,6 pontos.<\/p>\n<p>O \u00cdndice da Situa\u00e7\u00e3o Atual, que mede a percep\u00e7\u00e3o sobre o presente, tamb\u00e9m recuou, mas de forma mais moderada, perdendo 0,9 ponto e chegando a 101,4 pontos.<\/p>\n<p>O N\u00edvel de Utiliza\u00e7\u00e3o da Capacidade Instalada da Ind\u00fastria aumentou 0,9 ponto percentual em julho e atingiu 82,3%, o maior n\u00edvel desde mar\u00e7o de 2014.<\/p>\n<p><span style=\"font-weight: 400;\">Fonte: Ag\u00eancia Brasil <\/span><\/p>\n","protected":false},"excerpt":{"rendered":"<p>O \u00cdndice de Confian\u00e7a da Ind\u00fastria (ICI), da Funda\u00e7\u00e3o Getulio Vargas (FGV), recuou 1,7 ponto na passagem de junho para julho deste ano, depois de tr\u00eas altas consecutivas. Com o resultado, o indicador chegou a 99,5 pontos, em uma escala de zero a 200 pontos. Na m\u00e9dia m\u00f3vel trimestral, o indicador ainda apresenta alta: 0,7 [&hellip;]<\/p>\n","protected":false},"author":246,"featured_media":202186,"comment_status":"closed","ping_status":"closed","sticky":false,"template":"","format":"standard","meta":{"footnotes":""},"categories":[436,440,261,439],"tags":[],"class_list":["post-202185","post","type-post","status-publish","format-standard","has-post-thumbnail","hentry","category-destaque-da-semana","category-destaques-do-dia","category-economia","category-ultima-hora"],"_links":{"self":[{"href":"https:\/\/diarioregionaldigital.com.br\/index.php?rest_route=\/wp\/v2\/posts\/202185","targetHints":{"allow":["GET"]}}],"collection":[{"href":"https:\/\/diarioregionaldigital.com.br\/index.php?rest_route=\/wp\/v2\/posts"}],"about":[{"href":"https:\/\/diarioregionaldigital.com.br\/index.php?rest_route=\/wp\/v2\/types\/post"}],"author":[{"embeddable":true,"href":"https:\/\/diarioregionaldigital.com.br\/index.php?rest_route=\/wp\/v2\/users\/246"}],"replies":[{"embeddable":true,"href":"https:\/\/diarioregionaldigital.com.br\/index.php?rest_route=%2Fwp%2Fv2%2Fcomments&post=202185"}],"version-history":[{"count":2,"href":"https:\/\/diarioregionaldigital.com.br\/index.php?rest_route=\/wp\/v2\/posts\/202185\/revisions"}],"predecessor-version":[{"id":202188,"href":"https:\/\/diarioregionaldigital.com.br\/index.php?rest_route=\/wp\/v2\/posts\/202185\/revisions\/202188"}],"wp:featuredmedia":[{"embeddable":true,"href":"https:\/\/diarioregionaldigital.com.br\/index.php?rest_route=\/wp\/v2\/media\/202186"}],"wp:attachment":[{"href":"https:\/\/diarioregionaldigital.com.br\/index.php?rest_route=%2Fwp%2Fv2%2Fmedia&parent=202185"}],"wp:term":[{"taxonomy":"category","embeddable":true,"href":"https:\/\/diarioregionaldigital.com.br\/index.php?rest_route=%2Fwp%2Fv2%2Fcategories&post=202185"},{"taxonomy":"post_tag","embeddable":true,"href":"https:\/\/diarioregionaldigital.com.br\/index.php?rest_route=%2Fwp%2Fv2%2Ftags&post=202185"}],"curies":[{"name":"wp","href":"https:\/\/api.w.org\/{rel}","templated":true}]}}