{"id":202154,"date":"2022-07-27T07:23:01","date_gmt":"2022-07-27T10:23:01","guid":{"rendered":"https:\/\/diarioregionaldigital.com.br\/?p=202154"},"modified":"2022-07-27T07:23:01","modified_gmt":"2022-07-27T10:23:01","slug":"com-um-a-menos-gremio-segura-empate-com-chapecoense-pela-serie-b","status":"publish","type":"post","link":"https:\/\/diarioregionaldigital.com.br\/?p=202154","title":{"rendered":"Com um a menos, Gr\u00eamio segura empate com Chapecoense pela S\u00e9rie B"},"content":{"rendered":"<p>A rede n\u00e3o balan\u00e7ou na partida que abriu a 21\u00aa rodada da S\u00e9rie B do Campeonato Brasileiro. Nesta\u00a0ter\u00e7a-feira (26), Chapecoense e Gr\u00eamio empataram sem gols na Arena Cond\u00e1, em Chapec\u00f3 (SC).<img decoding=\"async\" src=\"https:\/\/agenciabrasil.ebc.com.br\/ebc.png?id=1472798&amp;o=node\" \/><img decoding=\"async\" src=\"https:\/\/agenciabrasil.ebc.com.br\/ebc.gif?id=1472798&amp;o=node\" \/><\/p>\n<p>O Verd\u00e3o do Oeste foi a 23 pontos, na 14\u00aa posi\u00e7\u00e3o, podendo ser ultrapassado na sequ\u00eancia da rodada, mas sem risco de entrar na zona de rebaixamento. O Tricolor ga\u00facho, com 37 pontos, permanece no G4 independentemente dos demais resultados, mas pode cair de segundo para quarto, caso Vasco e Bahia ven\u00e7am os respectivos compromissos.<\/p>\n<p>Nos dois primeiros\u00a0ter\u00e7os da etapa inicial, o Gr\u00eamio foi dominante no campo ofensivo, mesmo sem criar oportunidades reais de gol. Nos 15 minutos que antecederam o intervalo, a Chapecoense se lan\u00e7ou mais \u00e0 frente, aproveitando a expuls\u00e3o do volante Bitello, que recebeu o vermelho direto ao levantar demais a perna e acertar o rosto do atacante Perotti. O placar, no entanto, manteve-se inalterado.<\/p>\n<p>No segundo tempo, o Verd\u00e3o manteve a bola no campo de ataque, fazendo valer a superioridade num\u00e9rica, mas teve como chance mais aguda uma cabe\u00e7ada de Perotti, aos 49 minutos, ap\u00f3s cobran\u00e7a de escanteio pela direita, que o goleiro Gabriel Grando defendeu. O Tricolor recuou as linhas e se preocupou em administrar o empate.<\/p>\n<p>A Chapecoense abre a 22\u00aa rodada no domingo (31), \u00e0s 16h (hor\u00e1rio de Bras\u00edlia), diante do Vasco, em S\u00e3o Janu\u00e1rio, no Rio\u00a0de Janeiro. O Gr\u00eamio joga apenas no pr\u00f3ximo dia 5, \u00e0s 21h30, no Brinco de Ouro da Princesa, em Campinas (SP), contra o Guarani.<\/p>\n<p><span style=\"font-weight: 400;\">Fonte: Ag\u00eancia Brasil <\/span><\/p>\n","protected":false},"excerpt":{"rendered":"<p>A rede n\u00e3o balan\u00e7ou na partida que abriu a 21\u00aa rodada da S\u00e9rie B do Campeonato Brasileiro. Nesta\u00a0ter\u00e7a-feira (26), Chapecoense e Gr\u00eamio empataram sem gols na Arena Cond\u00e1, em Chapec\u00f3 (SC). O Verd\u00e3o do Oeste foi a 23 pontos, na 14\u00aa posi\u00e7\u00e3o, podendo ser ultrapassado na sequ\u00eancia da rodada, mas sem risco de entrar na [&hellip;]<\/p>\n","protected":false},"author":246,"featured_media":202155,"comment_status":"closed","ping_status":"closed","sticky":false,"template":"","format":"standard","meta":{"footnotes":""},"categories":[436,257,439],"tags":[],"class_list":["post-202154","post","type-post","status-publish","format-standard","has-post-thumbnail","hentry","category-destaque-da-semana","category-esporte","category-ultima-hora"],"_links":{"self":[{"href":"https:\/\/diarioregionaldigital.com.br\/index.php?rest_route=\/wp\/v2\/posts\/202154","targetHints":{"allow":["GET"]}}],"collection":[{"href":"https:\/\/diarioregionaldigital.com.br\/index.php?rest_route=\/wp\/v2\/posts"}],"about":[{"href":"https:\/\/diarioregionaldigital.com.br\/index.php?rest_route=\/wp\/v2\/types\/post"}],"author":[{"embeddable":true,"href":"https:\/\/diarioregionaldigital.com.br\/index.php?rest_route=\/wp\/v2\/users\/246"}],"replies":[{"embeddable":true,"href":"https:\/\/diarioregionaldigital.com.br\/index.php?rest_route=%2Fwp%2Fv2%2Fcomments&post=202154"}],"version-history":[{"count":1,"href":"https:\/\/diarioregionaldigital.com.br\/index.php?rest_route=\/wp\/v2\/posts\/202154\/revisions"}],"predecessor-version":[{"id":202156,"href":"https:\/\/diarioregionaldigital.com.br\/index.php?rest_route=\/wp\/v2\/posts\/202154\/revisions\/202156"}],"wp:featuredmedia":[{"embeddable":true,"href":"https:\/\/diarioregionaldigital.com.br\/index.php?rest_route=\/wp\/v2\/media\/202155"}],"wp:attachment":[{"href":"https:\/\/diarioregionaldigital.com.br\/index.php?rest_route=%2Fwp%2Fv2%2Fmedia&parent=202154"}],"wp:term":[{"taxonomy":"category","embeddable":true,"href":"https:\/\/diarioregionaldigital.com.br\/index.php?rest_route=%2Fwp%2Fv2%2Fcategories&post=202154"},{"taxonomy":"post_tag","embeddable":true,"href":"https:\/\/diarioregionaldigital.com.br\/index.php?rest_route=%2Fwp%2Fv2%2Ftags&post=202154"}],"curies":[{"name":"wp","href":"https:\/\/api.w.org\/{rel}","templated":true}]}}