{"id":202150,"date":"2022-07-27T07:21:10","date_gmt":"2022-07-27T10:21:10","guid":{"rendered":"https:\/\/diarioregionaldigital.com.br\/?p=202150"},"modified":"2022-07-27T07:21:10","modified_gmt":"2022-07-27T10:21:10","slug":"com-wallace-brasil-e-convocado-para-o-mundial-de-volei-masculino","status":"publish","type":"post","link":"https:\/\/diarioregionaldigital.com.br\/?p=202150","title":{"rendered":"Com Wallace, Brasil \u00e9 convocado para o Mundial de v\u00f4lei masculino"},"content":{"rendered":"<p>A sele\u00e7\u00e3o masculina de v\u00f4lei foi convocada nesta ter\u00e7a-feira (26) para o Campeonato Mundial da modalidade, que ser\u00e1 disputado na Pol\u00f4nia e na Eslov\u00eania, entre os dias 26 de agosto e 11 de setembro. O oposto Wallace, que tinha anunciado a aposentadoria da equipe brasileira ap\u00f3s a Olimp\u00edada de T\u00f3quio (Jap\u00e3o), \u00e9 a novidade na lista com 15 nomes divulgada pela Confedera\u00e7\u00e3o Brasileira de Voleibol (CBV).<img decoding=\"async\" src=\"https:\/\/agenciabrasil.ebc.com.br\/ebc.png?id=1472776&amp;o=node\" \/><img decoding=\"async\" src=\"https:\/\/agenciabrasil.ebc.com.br\/ebc.gif?id=1472776&amp;o=node\" \/><\/p>\n<p>O retorno de Wallace, de 34 anos, destaque na conquista da \u00faltima temporada da Superliga Masculina pelo Sada Cruzeiro, ocorre ap\u00f3s a contus\u00e3o do tamb\u00e9m oposto Alan, que vinha sendo o principal jogador do Brasil na Liga das Na\u00e7\u00f5es at\u00e9 lesionar o tend\u00e3o de Aquiles contra o Ir\u00e3. Sem ele e com o pedido de dispensa de Franco (com um problema no cotovelo), o \u00fanico atleta que o t\u00e9cnico Renan dal Zotto teve \u00e0 disposi\u00e7\u00e3o na posi\u00e7\u00e3o na competi\u00e7\u00e3o foi Darlan.<\/p>\n<p>Tricampe\u00e3o em 2002, 2006 e 2010, o Brasil integra o Grupo B do Mundial, com Jap\u00e3o, Cuba e Catar. A estreia ser\u00e1 no dia 26 de agosto, diante dos cubanos. Os dois primeiros de cada uma das seis chaves v\u00e3o \u00e0s oitavas de final, al\u00e9m dos quatro melhores terceiros colocados. Na primeira fase, os brasileiros ter\u00e3o Ljubljana (Eslov\u00eania) como sede.<\/p>\n<p>A sele\u00e7\u00e3o de Renan vem de uma elimina\u00e7\u00e3o nas quartas de final da Liga das Na\u00e7\u00f5es para os Estados Unidos. Em rela\u00e7\u00e3o ao grupo convocado para a fase final da competi\u00e7\u00e3o, apenas o ponteiro Honorato n\u00e3o foi chamado para o Mundial.<\/p>\n<p>Confira os convocados<\/p>\n<p>Ponteiros: Adriano, Yoandy Leal, Lucarelli e Rodriguinho.<br \/>\nLevantadores: Bruninho e Fernando Cachopa.<br \/>\nOpostos: Darlan, Wallace e Felipe Roque.<br \/>\nCentrais: Fl\u00e1vio, Isac, Leandro Aracaju e Luc\u00e3o.<br \/>\nL\u00edberos: Maique e Thales.<\/p>\n<p><span style=\"font-weight: 400;\"><br \/>\n<\/span><span style=\"font-weight: 400;\">Fonte: Ag\u00eancia Brasil <\/span><\/p>\n","protected":false},"excerpt":{"rendered":"<p>A sele\u00e7\u00e3o masculina de v\u00f4lei foi convocada nesta ter\u00e7a-feira (26) para o Campeonato Mundial da modalidade, que ser\u00e1 disputado na Pol\u00f4nia e na Eslov\u00eania, entre os dias 26 de agosto e 11 de setembro. O oposto Wallace, que tinha anunciado a aposentadoria da equipe brasileira ap\u00f3s a Olimp\u00edada de T\u00f3quio (Jap\u00e3o), \u00e9 a novidade na [&hellip;]<\/p>\n","protected":false},"author":246,"featured_media":202151,"comment_status":"closed","ping_status":"closed","sticky":false,"template":"","format":"standard","meta":{"footnotes":""},"categories":[436,257,439],"tags":[],"class_list":["post-202150","post","type-post","status-publish","format-standard","has-post-thumbnail","hentry","category-destaque-da-semana","category-esporte","category-ultima-hora"],"_links":{"self":[{"href":"https:\/\/diarioregionaldigital.com.br\/index.php?rest_route=\/wp\/v2\/posts\/202150","targetHints":{"allow":["GET"]}}],"collection":[{"href":"https:\/\/diarioregionaldigital.com.br\/index.php?rest_route=\/wp\/v2\/posts"}],"about":[{"href":"https:\/\/diarioregionaldigital.com.br\/index.php?rest_route=\/wp\/v2\/types\/post"}],"author":[{"embeddable":true,"href":"https:\/\/diarioregionaldigital.com.br\/index.php?rest_route=\/wp\/v2\/users\/246"}],"replies":[{"embeddable":true,"href":"https:\/\/diarioregionaldigital.com.br\/index.php?rest_route=%2Fwp%2Fv2%2Fcomments&post=202150"}],"version-history":[{"count":2,"href":"https:\/\/diarioregionaldigital.com.br\/index.php?rest_route=\/wp\/v2\/posts\/202150\/revisions"}],"predecessor-version":[{"id":202153,"href":"https:\/\/diarioregionaldigital.com.br\/index.php?rest_route=\/wp\/v2\/posts\/202150\/revisions\/202153"}],"wp:featuredmedia":[{"embeddable":true,"href":"https:\/\/diarioregionaldigital.com.br\/index.php?rest_route=\/wp\/v2\/media\/202151"}],"wp:attachment":[{"href":"https:\/\/diarioregionaldigital.com.br\/index.php?rest_route=%2Fwp%2Fv2%2Fmedia&parent=202150"}],"wp:term":[{"taxonomy":"category","embeddable":true,"href":"https:\/\/diarioregionaldigital.com.br\/index.php?rest_route=%2Fwp%2Fv2%2Fcategories&post=202150"},{"taxonomy":"post_tag","embeddable":true,"href":"https:\/\/diarioregionaldigital.com.br\/index.php?rest_route=%2Fwp%2Fv2%2Ftags&post=202150"}],"curies":[{"name":"wp","href":"https:\/\/api.w.org\/{rel}","templated":true}]}}