{"id":202147,"date":"2022-07-27T07:18:48","date_gmt":"2022-07-27T10:18:48","guid":{"rendered":"https:\/\/diarioregionaldigital.com.br\/?p=202147"},"modified":"2022-07-27T07:18:48","modified_gmt":"2022-07-27T10:18:48","slug":"brasil-vai-a-final-da-copa-america-feminina-e-garante-vaga-olimpica","status":"publish","type":"post","link":"https:\/\/diarioregionaldigital.com.br\/?p=202147","title":{"rendered":"Brasil vai \u00e0 final da Copa Am\u00e9rica Feminina e garante vaga ol\u00edmpica"},"content":{"rendered":"<div class=\"post-item-wrap\">\n<p>A presen\u00e7a brasileira na Olimp\u00edada de Paris (Fran\u00e7a) est\u00e1 oficialmente confirmada. Nesta ter\u00e7a-feira (26), faltando exatamente dois anos para os Jogos de 2024, a sele\u00e7\u00e3o feminina de futebol se tornou a primeira equipe do pa\u00eds a garantir presen\u00e7a no evento com a vaga \u00e0 final da Copa Am\u00e9rica, disputada na Col\u00f4mbia. Pela semifinal, o time de Pia Sundhage bateu o Paraguai por 2 a 0 no Est\u00e1dio Alfonso L\u00f3pez, em Bucaramanga, mesmo palco onde decidir\u00e1 o t\u00edtulo continental no s\u00e1bado (30), \u00e0s 21h (hor\u00e1rio de Bras\u00edlia), contra as anfitri\u00e3s.<img decoding=\"async\" src=\"https:\/\/agenciabrasil.ebc.com.br\/ebc.png?id=1472806&amp;o=node\" \/><img decoding=\"async\" src=\"https:\/\/agenciabrasil.ebc.com.br\/ebc.gif?id=1472806&amp;o=node\" \/><\/p>\n<p>Al\u00e9m do lugar em Paris, o Brasil se garantiu na Copa do Mundo do ano que vem, na Austr\u00e1lia e na Nova Zel\u00e2ndia. Ao contr\u00e1rio da Olimp\u00edada, para a qual se classificariam somente os finalistas, os tr\u00eas primeiros da Copa Am\u00e9rica v\u00e3o diretamente ao Mundial. O terceiro colocado ser\u00e1 conhecido nesta sexta-feira (29), \u00e0s 21h, no Est\u00e1dio Centen\u00e1rio, em Armenia, no confronto entre Paraguai e Argentina. Quem perder, disputar\u00e1 a seletiva internacional ao lado do Chile, que ficou em quinto lugar.<\/p>\n<p>Apesar do susto paraguaio aos dois minutos, em cabe\u00e7ada da zagueira Ver\u00f3nica Riveros que a zagueira Tainara salvou em cima da linha, foi o Brasil quem abriu o placar. Aos 16, a meia Adriana cruzou pela direita, a zaga afastou e a sobra ficou com Tamires na entrada da \u00e1rea. A lateral rolou para a atacante Bia Zaneratto, que n\u00e3o conseguiu o dom\u00ednio, mas ajeitou para a volante Ary Borges bater rasteiro, no canto. Aos 27 minutos, a atacante Debinha e a lateral Ant\u00f4nia dividiram com a defesa do Paraguai e Bia Zaneratto aproveitou a bola na \u00e1rea, soltando a bomba para ampliar e balan\u00e7ar as redes no 100\u00ba jogo dela pela sele\u00e7\u00e3o principal.<\/p>\n<p>No segundo tempo, as paraguaias mantiveram a estrat\u00e9gia de buscar as bolas paradas e ensaiaram uma press\u00e3o na sa\u00edda brasileira, mas sentiram o desgaste. Mesmo em ritmo mais lento que nos 45 minutos iniciais, o Brasil se manteve no campo de ataque, com a meia Kerolin sendo a jogadora mais ativa. A equipe canarinho teve diversas chances para ampliar a vantagem, mas errou nas tomadas de decis\u00e3o e na finaliza\u00e7\u00e3o.<\/p>\n<p>O Brasil \u00e9 o maior vencedor da Copa Am\u00e9rica, com sete t\u00edtulos em oito edi\u00e7\u00f5es, sendo os tr\u00eas \u00faltimos consecutivos. Somente em 2006, quando a Argentina sediou o torneio e levou a ta\u00e7a, \u00e9 que as brasileiras ficaram na segunda posi\u00e7\u00e3o. A Col\u00f4mbia, advers\u00e1ria na decis\u00e3o, busca um feito in\u00e9dito, ap\u00f3s dois vices, em 2010 e 2014, ambos para a sele\u00e7\u00e3o canarinho.<\/p>\n<p>Al\u00e9m de Brasil e Col\u00f4mbia, os Estados Unidos e a anfitri\u00e3 Fran\u00e7a est\u00e3o assegurados na Olimp\u00edada de Paris. As norte-americanas se garantiram com o t\u00edtulo do Campeonato das Am\u00e9ricas do Norte e Central e Caribe, realizado no M\u00e9xico, conquistado no dia 18, ao derrotarem o Canad\u00e1 (atual campe\u00e3o ol\u00edmpico) por 1 a 0 na final.<\/p>\n<\/div>\n<p class=\"alt-font font-italic my-2 small text-info\">\n<span style=\"font-weight: 400;\">Fonte: Ag\u00eancia Brasil <\/span><\/p>\n","protected":false},"excerpt":{"rendered":"<p>A presen\u00e7a brasileira na Olimp\u00edada de Paris (Fran\u00e7a) est\u00e1 oficialmente confirmada. Nesta ter\u00e7a-feira (26), faltando exatamente dois anos para os Jogos de 2024, a sele\u00e7\u00e3o feminina de futebol se tornou a primeira equipe do pa\u00eds a garantir presen\u00e7a no evento com a vaga \u00e0 final da Copa Am\u00e9rica, disputada na Col\u00f4mbia. Pela semifinal, o time [&hellip;]<\/p>\n","protected":false},"author":246,"featured_media":202148,"comment_status":"closed","ping_status":"closed","sticky":false,"template":"","format":"standard","meta":{"footnotes":""},"categories":[436,440,257,439],"tags":[],"class_list":["post-202147","post","type-post","status-publish","format-standard","has-post-thumbnail","hentry","category-destaque-da-semana","category-destaques-do-dia","category-esporte","category-ultima-hora"],"_links":{"self":[{"href":"https:\/\/diarioregionaldigital.com.br\/index.php?rest_route=\/wp\/v2\/posts\/202147","targetHints":{"allow":["GET"]}}],"collection":[{"href":"https:\/\/diarioregionaldigital.com.br\/index.php?rest_route=\/wp\/v2\/posts"}],"about":[{"href":"https:\/\/diarioregionaldigital.com.br\/index.php?rest_route=\/wp\/v2\/types\/post"}],"author":[{"embeddable":true,"href":"https:\/\/diarioregionaldigital.com.br\/index.php?rest_route=\/wp\/v2\/users\/246"}],"replies":[{"embeddable":true,"href":"https:\/\/diarioregionaldigital.com.br\/index.php?rest_route=%2Fwp%2Fv2%2Fcomments&post=202147"}],"version-history":[{"count":1,"href":"https:\/\/diarioregionaldigital.com.br\/index.php?rest_route=\/wp\/v2\/posts\/202147\/revisions"}],"predecessor-version":[{"id":202149,"href":"https:\/\/diarioregionaldigital.com.br\/index.php?rest_route=\/wp\/v2\/posts\/202147\/revisions\/202149"}],"wp:featuredmedia":[{"embeddable":true,"href":"https:\/\/diarioregionaldigital.com.br\/index.php?rest_route=\/wp\/v2\/media\/202148"}],"wp:attachment":[{"href":"https:\/\/diarioregionaldigital.com.br\/index.php?rest_route=%2Fwp%2Fv2%2Fmedia&parent=202147"}],"wp:term":[{"taxonomy":"category","embeddable":true,"href":"https:\/\/diarioregionaldigital.com.br\/index.php?rest_route=%2Fwp%2Fv2%2Fcategories&post=202147"},{"taxonomy":"post_tag","embeddable":true,"href":"https:\/\/diarioregionaldigital.com.br\/index.php?rest_route=%2Fwp%2Fv2%2Ftags&post=202147"}],"curies":[{"name":"wp","href":"https:\/\/api.w.org\/{rel}","templated":true}]}}