{"id":202138,"date":"2022-07-27T07:10:29","date_gmt":"2022-07-27T10:10:29","guid":{"rendered":"https:\/\/diarioregionaldigital.com.br\/?p=202138"},"modified":"2022-07-27T07:10:29","modified_gmt":"2022-07-27T10:10:29","slug":"projeto-regulariza-atividade-de-bronzeamento-artificial","status":"publish","type":"post","link":"https:\/\/diarioregionaldigital.com.br\/?p=202138","title":{"rendered":"Projeto regulariza atividade de bronzeamento artificial"},"content":{"rendered":"<p>A C\u00e2mara dos Deputados analisa proposta que regulariza a atividade de bronzeamento artificial para fins est\u00e9ticos no Pa\u00eds, bem como a produ\u00e7\u00e3o nacional desses equipamentos.<\/p>\n<p>Pelo texto (PL 1285\/22), caber\u00e1 \u00e0 Ag\u00eancia Nacional de Vigil\u00e2ncia Sanit\u00e1ria (Anvisa) autorizar o uso do equipamento espec\u00edfico para a presta\u00e7\u00e3o desse servi\u00e7o.<\/p>\n<p>O projeto pretende derrubar resolu\u00e7\u00e3o da pr\u00f3pria ag\u00eancia que, desde 2009, pro\u00edbe a comercializa\u00e7\u00e3o, fabrica\u00e7\u00e3o e venda de m\u00e1quinas de bronzeamento artificial, bem como sua utiliza\u00e7\u00e3o para fins est\u00e9ticos, sob o argumento de que o procedimento representa perigo \u00e0 sa\u00fade da pele.<\/p>\n<p>O autor da proposta, deputado <a href=\"https:\/\/www.camara.leg.br\/deputados\/204451\">Delegado Ant\u00f4nio Furtado (Uni\u00e3o-RJ)<\/a>, argumenta que n\u00e3o h\u00e1 estudos definitivos que comprovem a rela\u00e7\u00e3o entre o bronzeamento artificial e o c\u00e2ncer de pele.<\/p>\n<p>O parlamentar afirma que \u201cinexiste lei que pro\u00edba ou autorize o bronzeamento artificial, em que pese a significativa procura por estes servi\u00e7os, os quais merecem a disciplina que melhor atenda seus profissionais e consumidores\u201d.<\/p>\n<p><strong>Tramita\u00e7\u00e3o<br \/>\n<\/strong>A proposta ser\u00e1 analisada em <span id=\"4322\" class=\"termoGlossario\" title=\"\" contenteditable=\"false\" data-toggle=\"tooltip\" data-placement=\"top\" data-original-title=\"Rito de tramita\u00e7\u00e3o pelo qual o projeto \u00e9 votado apenas pelas comiss\u00f5es designadas para analis\u00e1-lo, dispensada a delibera\u00e7\u00e3o do Plen\u00e1rio. O projeto perde o car\u00e1ter conclusivo se houver decis\u00e3o divergente entre as comiss\u00f5es ou se, independentemente de ser aprovado ou rejeitado, houver recurso assinado por 52 deputados para a aprecia\u00e7\u00e3o da mat\u00e9ria no Plen\u00e1rio.\">car\u00e1ter conclusivo<\/span> pelas comiss\u00f5es de Desenvolvimento Econ\u00f4mico, Ind\u00fastria, Com\u00e9rcio e Servi\u00e7os; de Seguridade Social e Fam\u00edlia; e de Constitui\u00e7\u00e3o e Justi\u00e7a e de Cidadania (CCJ).<\/p>\n<p>Fonte: Ag\u00eancia C\u00e2mara de Not\u00edcias<\/p>\n","protected":false},"excerpt":{"rendered":"<p>A C\u00e2mara dos Deputados analisa proposta que regulariza a atividade de bronzeamento artificial para fins est\u00e9ticos no Pa\u00eds, bem como a produ\u00e7\u00e3o nacional desses equipamentos. Pelo texto (PL 1285\/22), caber\u00e1 \u00e0 Ag\u00eancia Nacional de Vigil\u00e2ncia Sanit\u00e1ria (Anvisa) autorizar o uso do equipamento espec\u00edfico para a presta\u00e7\u00e3o desse servi\u00e7o. O projeto pretende derrubar resolu\u00e7\u00e3o da pr\u00f3pria [&hellip;]<\/p>\n","protected":false},"author":246,"featured_media":202139,"comment_status":"closed","ping_status":"closed","sticky":false,"template":"","format":"standard","meta":{"footnotes":""},"categories":[436,254,439],"tags":[],"class_list":["post-202138","post","type-post","status-publish","format-standard","has-post-thumbnail","hentry","category-destaque-da-semana","category-politica","category-ultima-hora"],"_links":{"self":[{"href":"https:\/\/diarioregionaldigital.com.br\/index.php?rest_route=\/wp\/v2\/posts\/202138","targetHints":{"allow":["GET"]}}],"collection":[{"href":"https:\/\/diarioregionaldigital.com.br\/index.php?rest_route=\/wp\/v2\/posts"}],"about":[{"href":"https:\/\/diarioregionaldigital.com.br\/index.php?rest_route=\/wp\/v2\/types\/post"}],"author":[{"embeddable":true,"href":"https:\/\/diarioregionaldigital.com.br\/index.php?rest_route=\/wp\/v2\/users\/246"}],"replies":[{"embeddable":true,"href":"https:\/\/diarioregionaldigital.com.br\/index.php?rest_route=%2Fwp%2Fv2%2Fcomments&post=202138"}],"version-history":[{"count":1,"href":"https:\/\/diarioregionaldigital.com.br\/index.php?rest_route=\/wp\/v2\/posts\/202138\/revisions"}],"predecessor-version":[{"id":202140,"href":"https:\/\/diarioregionaldigital.com.br\/index.php?rest_route=\/wp\/v2\/posts\/202138\/revisions\/202140"}],"wp:featuredmedia":[{"embeddable":true,"href":"https:\/\/diarioregionaldigital.com.br\/index.php?rest_route=\/wp\/v2\/media\/202139"}],"wp:attachment":[{"href":"https:\/\/diarioregionaldigital.com.br\/index.php?rest_route=%2Fwp%2Fv2%2Fmedia&parent=202138"}],"wp:term":[{"taxonomy":"category","embeddable":true,"href":"https:\/\/diarioregionaldigital.com.br\/index.php?rest_route=%2Fwp%2Fv2%2Fcategories&post=202138"},{"taxonomy":"post_tag","embeddable":true,"href":"https:\/\/diarioregionaldigital.com.br\/index.php?rest_route=%2Fwp%2Fv2%2Ftags&post=202138"}],"curies":[{"name":"wp","href":"https:\/\/api.w.org\/{rel}","templated":true}]}}