{"id":202131,"date":"2022-07-27T07:02:30","date_gmt":"2022-07-27T10:02:30","guid":{"rendered":"https:\/\/diarioregionaldigital.com.br\/?p=202131"},"modified":"2022-07-27T07:02:30","modified_gmt":"2022-07-27T10:02:30","slug":"aneel-aplica-reducao-de-tarifas-para-consumidores-da-energisa","status":"publish","type":"post","link":"https:\/\/diarioregionaldigital.com.br\/?p=202131","title":{"rendered":"Aneel aplica redu\u00e7\u00e3o de tarifas para consumidores da Energisa"},"content":{"rendered":"<p>A Ag\u00eancia Nacional de Energia El\u00e9trica (Aneel) decidiu\u00a0hoje\u00a0(26) aplicar mais duas revis\u00f5es tarif\u00e1rias extraordin\u00e1rias (RTEs) para reduzir as tarifas das contas de luz. As revis\u00f5es se aplicam aos consumidores atendidos pela Energisa nos estados de Mato Grosso e Mato Grosso do Sul que\u00a0ter\u00e3o, respectivamente, uma redu\u00e7\u00e3o m\u00e9dia de 1,38% e 1,3% nas tarifas. Os novos valores come\u00e7am a valer a partir de amanh\u00e3 (27).<img decoding=\"async\" src=\"https:\/\/agenciabrasil.ebc.com.br\/ebc.png?id=1472679&amp;o=node\" \/><img decoding=\"async\" src=\"https:\/\/agenciabrasil.ebc.com.br\/ebc.gif?id=1472679&amp;o=node\" \/><\/p>\n<p>A revis\u00e3o se enquadra\u00a0no que prev\u00ea a\u00a0<a href=\"https:\/\/agenciabrasil.ebc.com.br\/economia\/noticia\/2022-06\/sancionada-lei-que-devolve-piscofins-cobrado-na-conta-de-luz\" target=\"_blank\" rel=\"noopener\">Lei 14.385\/22<\/a>\u00a0que determinou a devolu\u00e7\u00e3o do Imposto sobre a Circula\u00e7\u00e3o de Mercadorias e Servi\u00e7os (ICMS), inclu\u00eddo na base de c\u00e1lculo do Programa de Integra\u00e7\u00e3o Social (PIS) e da Contribui\u00e7\u00e3o para o Financiamento da Seguridade Social (Cofins), tributos federais cobrados nas contas de luz.<\/p>\n<p>A medida atende a decis\u00e3o do Supremo Tribunal Federal (STF)\u00a0que julgou inconstitucional a cobran\u00e7a de ICMS, um imposto estadual, sobre o PIS\/Cofins na conta de luz. A Corte entendeu que havia dupla tributa\u00e7\u00e3o (cobran\u00e7a de um mesmo imposto duas vezes). Em 2021, o\u00a0<a href=\"https:\/\/agenciabrasil.ebc.com.br\/justica\/noticia\/2021-05\/stf-define-alcance-da-exclusao-do-icms-no-calculo-do-piscofins\" target=\"_blank\" rel=\"noopener\">STF definiu o alcance da medida<\/a>, que deveria ser retroativa a\u00a015 de mar\u00e7o de 2017.<\/p>\n<p>No caso dos consumidores da Energisa, em Mato Grosso, o efeito total da retirada do ICMS do c\u00e1lculo de PIS\/Confins representou uma redu\u00e7\u00e3o de 4,71% na tarifa. J\u00e1 para os consumidores da Energisa de Mato Grosso do Sul, a redu\u00e7\u00e3o \u00e9 de 3,76%.<\/p>\n<p>De acordo com a Aneel, a revis\u00e3o extraordin\u00e1ria das tarifas ser\u00e1 aplicada para as companhias que tiveram o reajuste aprovado sem a restitui\u00e7\u00e3o do imposto.<\/p>\n<p>\u201cNo caso de distribuidoras cujos processos tarif\u00e1rios ainda n\u00e3o ocorreram em 2022, o colegiado da Aneel informa que far\u00e1 os devidos c\u00e1lculos do impacto da devolu\u00e7\u00e3o dos cr\u00e9ditos tribut\u00e1rios no momento do reajuste\/revis\u00e3o de cada empresa\u201d, disse a ag\u00eancia.<\/p>\n<p><span style=\"font-weight: 400;\"><br \/>\n<\/span><span style=\"font-weight: 400;\">Fonte: Ag\u00eancia Brasil <\/span><\/p>\n","protected":false},"excerpt":{"rendered":"<p>A Ag\u00eancia Nacional de Energia El\u00e9trica (Aneel) decidiu\u00a0hoje\u00a0(26) aplicar mais duas revis\u00f5es tarif\u00e1rias extraordin\u00e1rias (RTEs) para reduzir as tarifas das contas de luz. As revis\u00f5es se aplicam aos consumidores atendidos pela Energisa nos estados de Mato Grosso e Mato Grosso do Sul que\u00a0ter\u00e3o, respectivamente, uma redu\u00e7\u00e3o m\u00e9dia de 1,38% e 1,3% nas tarifas. Os novos [&hellip;]<\/p>\n","protected":false},"author":246,"featured_media":202132,"comment_status":"closed","ping_status":"closed","sticky":false,"template":"","format":"standard","meta":{"footnotes":""},"categories":[436,261,439],"tags":[],"class_list":["post-202131","post","type-post","status-publish","format-standard","has-post-thumbnail","hentry","category-destaque-da-semana","category-economia","category-ultima-hora"],"_links":{"self":[{"href":"https:\/\/diarioregionaldigital.com.br\/index.php?rest_route=\/wp\/v2\/posts\/202131","targetHints":{"allow":["GET"]}}],"collection":[{"href":"https:\/\/diarioregionaldigital.com.br\/index.php?rest_route=\/wp\/v2\/posts"}],"about":[{"href":"https:\/\/diarioregionaldigital.com.br\/index.php?rest_route=\/wp\/v2\/types\/post"}],"author":[{"embeddable":true,"href":"https:\/\/diarioregionaldigital.com.br\/index.php?rest_route=\/wp\/v2\/users\/246"}],"replies":[{"embeddable":true,"href":"https:\/\/diarioregionaldigital.com.br\/index.php?rest_route=%2Fwp%2Fv2%2Fcomments&post=202131"}],"version-history":[{"count":2,"href":"https:\/\/diarioregionaldigital.com.br\/index.php?rest_route=\/wp\/v2\/posts\/202131\/revisions"}],"predecessor-version":[{"id":202134,"href":"https:\/\/diarioregionaldigital.com.br\/index.php?rest_route=\/wp\/v2\/posts\/202131\/revisions\/202134"}],"wp:featuredmedia":[{"embeddable":true,"href":"https:\/\/diarioregionaldigital.com.br\/index.php?rest_route=\/wp\/v2\/media\/202132"}],"wp:attachment":[{"href":"https:\/\/diarioregionaldigital.com.br\/index.php?rest_route=%2Fwp%2Fv2%2Fmedia&parent=202131"}],"wp:term":[{"taxonomy":"category","embeddable":true,"href":"https:\/\/diarioregionaldigital.com.br\/index.php?rest_route=%2Fwp%2Fv2%2Fcategories&post=202131"},{"taxonomy":"post_tag","embeddable":true,"href":"https:\/\/diarioregionaldigital.com.br\/index.php?rest_route=%2Fwp%2Fv2%2Ftags&post=202131"}],"curies":[{"name":"wp","href":"https:\/\/api.w.org\/{rel}","templated":true}]}}