{"id":202118,"date":"2022-07-27T06:56:35","date_gmt":"2022-07-27T09:56:35","guid":{"rendered":"https:\/\/diarioregionaldigital.com.br\/?p=202118"},"modified":"2022-07-27T06:56:35","modified_gmt":"2022-07-27T09:56:35","slug":"previa-da-inflacao-oficial-cai-para-013-em-julho","status":"publish","type":"post","link":"https:\/\/diarioregionaldigital.com.br\/?p=202118","title":{"rendered":"Pr\u00e9via da infla\u00e7\u00e3o oficial cai para 0,13% em julho"},"content":{"rendered":"<p>O\u00a0\u00cdndice Nacional de Pre\u00e7os ao Consumidor Amplo 15 (IPCA-15), a pr\u00e9via da infla\u00e7\u00e3o oficial, ficou em 0,13% em julho. A taxa \u00e9 menor que as de junho deste ano (0,69%) e de julho de 2021 (0,72%).<img decoding=\"async\" src=\"https:\/\/agenciabrasil.ebc.com.br\/ebc.png?id=1472597&amp;o=node\" \/><img decoding=\"async\" src=\"https:\/\/agenciabrasil.ebc.com.br\/ebc.gif?id=1472597&amp;o=node\" \/><\/p>\n<p>O Instituto Brasileiro de Geografia e Estat\u00edstica (IBGE) informou hoje (26), no Rio de Janeiro, que essa \u00e9 a menor taxa mensal do IPCA-15 desde junho de 2020 (0,02%). O indicador acumula infla\u00e7\u00e3o de 5,79% no ano e de 11,39% em 12 meses.<\/p>\n<p>O maior impacto da pr\u00e9via da infla\u00e7\u00e3o em julho veio do grupo alimenta\u00e7\u00e3o e bebidas, com alta de pre\u00e7os de 1,16% no per\u00edodo, acima do 0,25% da pr\u00e9via de junho.<\/p>\n<p>Entre os alimentos que mais colaboraram com a alta de pre\u00e7os est\u00e1 o leite longa vida, que subiu 22,27% no per\u00edodo. Derivados do leite tamb\u00e9m tiveram infla\u00e7\u00e3o: requeij\u00e3o\u00a0(4,74%), manteiga\u00a0(4,25%) e queijo\u00a0(3,22%). Outros produtos com destaque foram as frutas\u00a0(4,03%), feij\u00e3o-carioca\u00a0(4,25%) e p\u00e3o franc\u00eas\u00a0(1,47%).<\/p>\n<h2>Defla\u00e7\u00e3o<\/h2>\n<p>Os transportes foram os gastos que mais contribu\u00edram para conter a pr\u00e9via da infla\u00e7\u00e3o em julho. Eles registraram defla\u00e7\u00e3o (queda de pre\u00e7os) de 1,08% no per\u00edodo. Na pr\u00e9via de junho, o grupo havia registrado infla\u00e7\u00e3o de 0,84%.<\/p>\n<p>O resultado em julho foi influenciado pelas quedas de pre\u00e7os dos combust\u00edveis (-4,88%), em especial a gasolina (-5,01%) e o etanol (-8,16%). Ao mesmo tempo, as passagens a\u00e9reas subiram 8,13%.<\/p>\n<p>Os demais grupos de despesas tiveram as seguintes varia\u00e7\u00f5es de pre\u00e7os: vestu\u00e1rio (1,39%), despesas pessoais (0,79%), sa\u00fade e cuidados pessoais (0,71%), artigos de resid\u00eancia (0,39%), educa\u00e7\u00e3o (0,07%), comunica\u00e7\u00e3o (-0,05%) e habita\u00e7\u00e3o (-0,78%).<\/p>\n<p><span style=\"font-weight: 400;\">Fonte: Ag\u00eancia Brasil <\/span><\/p>\n","protected":false},"excerpt":{"rendered":"<p>O\u00a0\u00cdndice Nacional de Pre\u00e7os ao Consumidor Amplo 15 (IPCA-15), a pr\u00e9via da infla\u00e7\u00e3o oficial, ficou em 0,13% em julho. A taxa \u00e9 menor que as de junho deste ano (0,69%) e de julho de 2021 (0,72%). O Instituto Brasileiro de Geografia e Estat\u00edstica (IBGE) informou hoje (26), no Rio de Janeiro, que essa \u00e9 a [&hellip;]<\/p>\n","protected":false},"author":246,"featured_media":202119,"comment_status":"closed","ping_status":"closed","sticky":false,"template":"","format":"standard","meta":{"footnotes":""},"categories":[436,440,261,439],"tags":[],"class_list":["post-202118","post","type-post","status-publish","format-standard","has-post-thumbnail","hentry","category-destaque-da-semana","category-destaques-do-dia","category-economia","category-ultima-hora"],"_links":{"self":[{"href":"https:\/\/diarioregionaldigital.com.br\/index.php?rest_route=\/wp\/v2\/posts\/202118","targetHints":{"allow":["GET"]}}],"collection":[{"href":"https:\/\/diarioregionaldigital.com.br\/index.php?rest_route=\/wp\/v2\/posts"}],"about":[{"href":"https:\/\/diarioregionaldigital.com.br\/index.php?rest_route=\/wp\/v2\/types\/post"}],"author":[{"embeddable":true,"href":"https:\/\/diarioregionaldigital.com.br\/index.php?rest_route=\/wp\/v2\/users\/246"}],"replies":[{"embeddable":true,"href":"https:\/\/diarioregionaldigital.com.br\/index.php?rest_route=%2Fwp%2Fv2%2Fcomments&post=202118"}],"version-history":[{"count":2,"href":"https:\/\/diarioregionaldigital.com.br\/index.php?rest_route=\/wp\/v2\/posts\/202118\/revisions"}],"predecessor-version":[{"id":202122,"href":"https:\/\/diarioregionaldigital.com.br\/index.php?rest_route=\/wp\/v2\/posts\/202118\/revisions\/202122"}],"wp:featuredmedia":[{"embeddable":true,"href":"https:\/\/diarioregionaldigital.com.br\/index.php?rest_route=\/wp\/v2\/media\/202119"}],"wp:attachment":[{"href":"https:\/\/diarioregionaldigital.com.br\/index.php?rest_route=%2Fwp%2Fv2%2Fmedia&parent=202118"}],"wp:term":[{"taxonomy":"category","embeddable":true,"href":"https:\/\/diarioregionaldigital.com.br\/index.php?rest_route=%2Fwp%2Fv2%2Fcategories&post=202118"},{"taxonomy":"post_tag","embeddable":true,"href":"https:\/\/diarioregionaldigital.com.br\/index.php?rest_route=%2Fwp%2Fv2%2Ftags&post=202118"}],"curies":[{"name":"wp","href":"https:\/\/api.w.org\/{rel}","templated":true}]}}