{"id":202104,"date":"2022-07-25T19:17:58","date_gmt":"2022-07-25T22:17:58","guid":{"rendered":"https:\/\/diarioregionaldigital.com.br\/?p=202104"},"modified":"2022-07-25T19:17:58","modified_gmt":"2022-07-25T22:17:58","slug":"inauguracao-da-rua-de-brincar-em-santa-luzia-reune-cerca-de-500-pessoas","status":"publish","type":"post","link":"https:\/\/diarioregionaldigital.com.br\/?p=202104","title":{"rendered":"Inaugura\u00e7\u00e3o da Rua de Brincar em Santa Luzia re\u00fane cerca de 500 pessoas"},"content":{"rendered":"<p>Segundo informa\u00e7\u00f5es do site da Prefeitura de Juiz de Fora (PJF), a Rua de Brincar avan\u00e7a para mais regi\u00f5es da cidade. Neste domingo, 24, o projeto aconteceu pela primeira vez na regi\u00e3o sul, no bairro Santa Luzia, e reuniu cerca de 500 pessoas durante a manh\u00e3. Al\u00e9m disso, a Prefeitura de Juiz de Fora (PJF) promoveu brincadeiras e atividades ao ar livre em todos os pontos onde o projeto \u00e9 realizado: Avenida Brasil; Santa Cruz; Retiro; Ponte Preta; e Santa Luzia.<\/p>\n<p>&nbsp;<\/p>\n<p>A iniciativa \u00e9 do Programa Boniteza e visa garantir espa\u00e7o de lazer para a popula\u00e7\u00e3o, envolvendo os moradores no projeto para ampliar a sensa\u00e7\u00e3o de pertencimento e possibilitar o uso de vias p\u00fablicas para realizar atividades ao ar livre nos bairros.\u00a0Semanalmente aos domingos, de 8h \u00e0s 12h, o tr\u00e2nsito de ve\u00edculos fica impedido nas ruas que recebem o projeto.<\/p>\n<p>&nbsp;<\/p>\n<p><strong>Inaugura\u00e7\u00e3o em Santa Luzia\u00a0<\/strong><\/p>\n<p>Neste domingo, a estreia do projeto no bairro Santa Luzia foi colorida e repleta de atividades. Foram realizadas doa\u00e7\u00e3o de mudas, de livros infantis e de brinquedos feitos com material reciclado; distribui\u00e7\u00e3o de algod\u00e3o doce; experimentos relacionados \u00e0s tem\u00e1ticas de Prote\u00e7\u00e3o e Defesa Civil; atividades recreativas, como cama el\u00e1stica, parquinho, brinquedos infl\u00e1veis, tot\u00f3, t\u00eanis de mesa, e sinuquinha; exposi\u00e7\u00e3o de animais pe\u00e7onhentos; trabalho educativo sobre arbovirose; coleta de lixo eletr\u00f4nico; e vacina\u00e7\u00e3o contra Influenza. As atividades foram organizadas pela Secretaria de Governo (SG), pela Secretaria de Esporte e Lazer (SEL), pela Secretaria de Sa\u00fade (SS) e contaram com parceria da empresa E-Ambiental.<\/p>\n<p>&nbsp;<\/p>\n<p>Em Santa Luzia, a Rua de Brincar acontece na Rua Tr\u00eas Ilhas, entre as ruas \u00c1gua Limpa e Ibitiguaia. O asfalto recebeu um colorido novo com as pinturas de amarelinha e de pista para patinetes, bicicletas e triciclos para que a popula\u00e7\u00e3o possa aproveitar.<\/p>\n<p>&nbsp;<\/p>\n<p><strong>Outras regi\u00f5es\u00a0<\/strong><\/p>\n<p>Na Avenida Brasil, no trecho entre a Rua Benjamin Constant e a Rua Mal. Setembrino de Carvalho (Ponte do Ladeira), a PJF garantiu a brincadeira com tiro ao alvo, futebol, corda e outras atividades promovidas pela Secretaria de Planejamento Urbano (Sepur). J\u00e1 o Grupo Papal\u00e9guas Rolim\u00e3 preparou uma pista para carrinhos de rolim\u00e3 e triciclos e fez a divers\u00e3o das fam\u00edlias no centro da cidade.<\/p>\n<p>&nbsp;<\/p>\n<p>No bairro Retiro (Rua Aladim Silva), a conta\u00e7\u00e3o de hist\u00f3rias e as oficinas de desenho fizeram a alegria da crian\u00e7ada na Zona Sudeste. A Secretaria de Seguran\u00e7a Urbana e Cidadania (Sesuc) e a equipe da Empresa Municipal de Pavimenta\u00e7\u00e3o e Urbaniza\u00e7\u00e3o (Empav) comandaram a divers\u00e3o e a distribui\u00e7\u00e3o de mudas para os moradores da regi\u00e3o.<\/p>\n<p>&nbsp;<\/p>\n<p>No bairro Santa Cruz (Rua Sebasti\u00e3o Schneider &#8211; Rua do Caic), a a\u00e7\u00e3o de conscientiza\u00e7\u00e3o no tr\u00e2nsito promovida pela Secretaria de Mobilidade Urbana (SMU) foi a recrea\u00e7\u00e3o de domingo dos moradores. Tamb\u00e9m teve brincadeiras de trivia e corda. J\u00e1 em Ponte Preta (Avenida Gabriel Sobreira), a Secretaria Especial de Direitos Humanos (SEDH) liderou as brincadeiras e pinturas de rosto. A crian\u00e7ada jogou muito futebol e se divertiu com vai-e-vem e atividades de colorir.<\/p>\n<p>&nbsp;<\/p>\n<p><strong>Programa Boniteza<\/strong><\/p>\n<p>Coordenado pela Secretaria de Governo (SG), o Programa Boniteza \u00e9 desenvolvido atrav\u00e9s de uma a\u00e7\u00e3o integrada entre Secretaria de Assist\u00eancia Social (SAS); Secretaria de Agricultura Pecu\u00e1ria e Abastecimento (Seapa); Companhia de Saneamento Municipal (Cesama); Secretaria de Comunica\u00e7\u00e3o Social (Secom); Departamento Municipal de Limpeza Urbana (Demlurb);\u00a0 Secretaria de Desenvolvimento Sustent\u00e1vel e Inclusivo, da Inova\u00e7\u00e3o e Competitividade (Sedic); Empresa Municipal de Pavimenta\u00e7\u00e3o e Urbaniza\u00e7\u00e3o (Empav); Secretaria de Educa\u00e7\u00e3o (SE); Secretaria Especial de Direitos Humanos (SEDH); Secretaria de Esporte e Lazer (SEL); Funda\u00e7\u00e3o Cultural Alfredo Ferreira Lage (Funalfa); Secretaria da Fazenda (SF); Secretaria de Mobilidade Urbana (SMU); Secretaria de Obras (SO); Secretaria de Planejamento Urbano (Sepur); Secretaria de Planejamento do Territ\u00f3rio e Participa\u00e7\u00e3o Popular (Seppop); Secretaria de Sustentabilidade em Meio Ambiente e Atividades Urbanas (Sesmaur); Secretaria de Seguran\u00e7a Urbana e Cidadania (Sesuc); Secretaria de Sa\u00fade (SS); Secretaria de Turismo (Setur); e Secretaria de Transforma\u00e7\u00e3o Digital e Administrativa (STDA).<\/p>\n","protected":false},"excerpt":{"rendered":"<p>Segundo informa\u00e7\u00f5es do site da Prefeitura de Juiz de Fora (PJF), a Rua de Brincar avan\u00e7a para mais regi\u00f5es da cidade. Neste domingo, 24, o projeto aconteceu pela primeira vez na regi\u00e3o sul, no bairro Santa Luzia, e reuniu cerca de 500 pessoas durante a manh\u00e3. Al\u00e9m disso, a Prefeitura de Juiz de Fora (PJF) [&hellip;]<\/p>\n","protected":false},"author":246,"featured_media":202105,"comment_status":"closed","ping_status":"closed","sticky":false,"template":"","format":"standard","meta":{"footnotes":""},"categories":[253,436,439],"tags":[],"class_list":["post-202104","post","type-post","status-publish","format-standard","has-post-thumbnail","hentry","category-cidade","category-destaque-da-semana","category-ultima-hora"],"_links":{"self":[{"href":"https:\/\/diarioregionaldigital.com.br\/index.php?rest_route=\/wp\/v2\/posts\/202104","targetHints":{"allow":["GET"]}}],"collection":[{"href":"https:\/\/diarioregionaldigital.com.br\/index.php?rest_route=\/wp\/v2\/posts"}],"about":[{"href":"https:\/\/diarioregionaldigital.com.br\/index.php?rest_route=\/wp\/v2\/types\/post"}],"author":[{"embeddable":true,"href":"https:\/\/diarioregionaldigital.com.br\/index.php?rest_route=\/wp\/v2\/users\/246"}],"replies":[{"embeddable":true,"href":"https:\/\/diarioregionaldigital.com.br\/index.php?rest_route=%2Fwp%2Fv2%2Fcomments&post=202104"}],"version-history":[{"count":1,"href":"https:\/\/diarioregionaldigital.com.br\/index.php?rest_route=\/wp\/v2\/posts\/202104\/revisions"}],"predecessor-version":[{"id":202106,"href":"https:\/\/diarioregionaldigital.com.br\/index.php?rest_route=\/wp\/v2\/posts\/202104\/revisions\/202106"}],"wp:featuredmedia":[{"embeddable":true,"href":"https:\/\/diarioregionaldigital.com.br\/index.php?rest_route=\/wp\/v2\/media\/202105"}],"wp:attachment":[{"href":"https:\/\/diarioregionaldigital.com.br\/index.php?rest_route=%2Fwp%2Fv2%2Fmedia&parent=202104"}],"wp:term":[{"taxonomy":"category","embeddable":true,"href":"https:\/\/diarioregionaldigital.com.br\/index.php?rest_route=%2Fwp%2Fv2%2Fcategories&post=202104"},{"taxonomy":"post_tag","embeddable":true,"href":"https:\/\/diarioregionaldigital.com.br\/index.php?rest_route=%2Fwp%2Fv2%2Ftags&post=202104"}],"curies":[{"name":"wp","href":"https:\/\/api.w.org\/{rel}","templated":true}]}}