{"id":202101,"date":"2022-07-25T19:14:49","date_gmt":"2022-07-25T22:14:49","guid":{"rendered":"https:\/\/diarioregionaldigital.com.br\/?p=202101"},"modified":"2022-07-25T19:14:49","modified_gmt":"2022-07-25T22:14:49","slug":"pjf-realiza-operacao-tapa-buracos-em-14-bairros-nesta-segunda-feira-25","status":"publish","type":"post","link":"https:\/\/diarioregionaldigital.com.br\/?p=202101","title":{"rendered":"PJF realiza opera\u00e7\u00e3o tapa-buracos em 14 bairros nesta segunda-feira, 25"},"content":{"rendered":"<p>Segundo informa\u00e7\u00f5es do site da Prefeitura de Juiz de Fora (PJF), a\u00a0\u00faltima semana come\u00e7ou a todo vapor com a opera\u00e7\u00e3o tapa-buracos em Juiz de Fora. Nesta segunda, 25, as equipes da Prefeitura de Juiz de Fora (PJF) estiveram em 14 bairros, incluindo o Miguel Marinho, onde seguem os servi\u00e7os de pavimenta\u00e7\u00e3o asf\u00e1ltica.<\/p>\n<p>&nbsp;<\/p>\n<p>Destaque para a Rua Alves de Andrade, no Vila Ozanan, que teve os servi\u00e7os conclu\u00eddos.<\/p>\n<p>&nbsp;<\/p>\n<p><strong>Veja a lista completa de bairros atendido nesta segunda-feira, 25:<\/strong><\/p>\n<p>&nbsp;<\/p>\n<p>Santa Rita<\/p>\n<p>Centro<\/p>\n<p>Santa Catarina<\/p>\n<p>Granjas Bet\u00e2nia<\/p>\n<p>Cidade do Sol<\/p>\n<p>Bela Aurora<\/p>\n<p>Teixeiras<\/p>\n<p>Vila Ozanan<\/p>\n<p>Furtado de Menezes<\/p>\n<p>S\u00e3o Mateus<\/p>\n<p>Alto dos Passos<\/p>\n<p>Linhares<\/p>\n<p>Vila Almeida<\/p>\n<p>Miguel Marinho*<\/p>\n<p>&nbsp;<\/p>\n<p><strong>*servi\u00e7os de pavimenta\u00e7\u00e3o asf\u00e1ltica<\/strong><\/p>\n<p>&nbsp;<\/p>\n<p>Os trabalhos seguem em andamento em v\u00e1rios pontos da cidade e a programa\u00e7\u00e3o completa das atividades realizadas pela Empav pode ser acompanhada diariamente atrav\u00e9s da p\u00e1gina do Gabinete de A\u00e7\u00e3o e Di\u00e1logo Comunit\u00e1rio, pelo\u00a0<a href=\"https:\/\/www.pjf.mg.gov.br\/gabinetecomunitario\/#onde\"><strong>link<\/strong><\/a>.<\/p>\n<p>Todas as a\u00e7\u00f5es de reestrutura\u00e7\u00e3o, urbaniza\u00e7\u00e3o e zeladoria realizadas pela Empresa Municipal de Pavimenta\u00e7\u00e3o e Urbanidades (Empav) fazem parte do Programa Boniteza. Estes e outros servi\u00e7os podem ser solicitados atrav\u00e9s do Gabinete de A\u00e7\u00e3o e Di\u00e1logo Comunit\u00e1rio, que recebe e organiza pedidos relativos a interven\u00e7\u00f5es e melhorias urbanas. O contato pode ser feito por liga\u00e7\u00e3o telef\u00f4nica, pelo n\u00famero (32) 3690-7241 ou, ainda, via WhatsApp, utilizando o mesmo n\u00famero.<\/p>\n","protected":false},"excerpt":{"rendered":"<p>Segundo informa\u00e7\u00f5es do site da Prefeitura de Juiz de Fora (PJF), a\u00a0\u00faltima semana come\u00e7ou a todo vapor com a opera\u00e7\u00e3o tapa-buracos em Juiz de Fora. Nesta segunda, 25, as equipes da Prefeitura de Juiz de Fora (PJF) estiveram em 14 bairros, incluindo o Miguel Marinho, onde seguem os servi\u00e7os de pavimenta\u00e7\u00e3o asf\u00e1ltica. &nbsp; Destaque para [&hellip;]<\/p>\n","protected":false},"author":246,"featured_media":202102,"comment_status":"closed","ping_status":"closed","sticky":false,"template":"","format":"standard","meta":{"footnotes":""},"categories":[253,436,439],"tags":[],"class_list":["post-202101","post","type-post","status-publish","format-standard","has-post-thumbnail","hentry","category-cidade","category-destaque-da-semana","category-ultima-hora"],"_links":{"self":[{"href":"https:\/\/diarioregionaldigital.com.br\/index.php?rest_route=\/wp\/v2\/posts\/202101","targetHints":{"allow":["GET"]}}],"collection":[{"href":"https:\/\/diarioregionaldigital.com.br\/index.php?rest_route=\/wp\/v2\/posts"}],"about":[{"href":"https:\/\/diarioregionaldigital.com.br\/index.php?rest_route=\/wp\/v2\/types\/post"}],"author":[{"embeddable":true,"href":"https:\/\/diarioregionaldigital.com.br\/index.php?rest_route=\/wp\/v2\/users\/246"}],"replies":[{"embeddable":true,"href":"https:\/\/diarioregionaldigital.com.br\/index.php?rest_route=%2Fwp%2Fv2%2Fcomments&post=202101"}],"version-history":[{"count":1,"href":"https:\/\/diarioregionaldigital.com.br\/index.php?rest_route=\/wp\/v2\/posts\/202101\/revisions"}],"predecessor-version":[{"id":202103,"href":"https:\/\/diarioregionaldigital.com.br\/index.php?rest_route=\/wp\/v2\/posts\/202101\/revisions\/202103"}],"wp:featuredmedia":[{"embeddable":true,"href":"https:\/\/diarioregionaldigital.com.br\/index.php?rest_route=\/wp\/v2\/media\/202102"}],"wp:attachment":[{"href":"https:\/\/diarioregionaldigital.com.br\/index.php?rest_route=%2Fwp%2Fv2%2Fmedia&parent=202101"}],"wp:term":[{"taxonomy":"category","embeddable":true,"href":"https:\/\/diarioregionaldigital.com.br\/index.php?rest_route=%2Fwp%2Fv2%2Fcategories&post=202101"},{"taxonomy":"post_tag","embeddable":true,"href":"https:\/\/diarioregionaldigital.com.br\/index.php?rest_route=%2Fwp%2Fv2%2Ftags&post=202101"}],"curies":[{"name":"wp","href":"https:\/\/api.w.org\/{rel}","templated":true}]}}