{"id":202098,"date":"2022-07-25T19:09:45","date_gmt":"2022-07-25T22:09:45","guid":{"rendered":"https:\/\/diarioregionaldigital.com.br\/?p=202098"},"modified":"2022-07-25T19:09:45","modified_gmt":"2022-07-25T22:09:45","slug":"pjf-realiza-reuniao-com-maternidades-para-fortalecer-rede-cegonha","status":"publish","type":"post","link":"https:\/\/diarioregionaldigital.com.br\/?p=202098","title":{"rendered":"PJF realiza reuni\u00e3o com maternidades para fortalecer Rede Cegonha"},"content":{"rendered":"<p>Segundo informa\u00e7\u00f5es do site da Prefeitura de Juiz de Fora (PJF), a\u00a0Prefeitura de Juiz de Fora (PJF) sediou, na \u00faltima sexta-feira, 22, reuni\u00e3o entre servidores da Secretaria de Sa\u00fade (SS) e representantes das maternidades assistenciais do Sistema Municipal de Sa\u00fade. O intuito do encontro foi reconhecer as dificuldades dos prestadores de servi\u00e7os e fortalecer a regionaliza\u00e7\u00e3o da Rede Cegonha no munic\u00edpio.<\/p>\n<p>&nbsp;<\/p>\n<p>Durante o encontro, representantes das maternidades e da SS refor\u00e7aram a import\u00e2ncia de trabalharem em rede. Andrea Lanziotti, Supervisora da Sa\u00fade da Mulher, ressalta a import\u00e2ncia da reuni\u00e3o. \u201c\u00c9 a oportunidade de pensarmos juntos em solu\u00e7\u00f5es para eventuais problemas. Principalmente, debater a realidade das maternidades que sofrem com falta de UTI Neonatal. Al\u00e9m de melhorar nosso atendimento, com a ades\u00e3o e implanta\u00e7\u00e3o da regionaliza\u00e7\u00e3o assistencial do pr\u00e9-natal e ap\u00f3s o nascimento\u201d.<\/p>\n<p>&nbsp;<\/p>\n<p>A regionaliza\u00e7\u00e3o para acompanhamento das gestantes e pu\u00e9rperas \u00e9 realizada no munic\u00edpio atrav\u00e9s das Unidades B\u00e1sicas de Sa\u00fade (UBS) para usu\u00e1rios de \u00e1reas cobertas. J\u00e1 para gr\u00e1vidas das regi\u00f5es descobertas e gesta\u00e7\u00f5es de alto risco, \u00e9 realizado no Departamento de Sa\u00fade da Mulher, da Gestante, da Crian\u00e7a e do Adolescente (DSMGCA) e nos ambulat\u00f3rios habitual das maternidades.<\/p>\n<p>&nbsp;<\/p>\n<p>A capacita\u00e7\u00e3o dos profissionais da aten\u00e7\u00e3o prim\u00e1ria tamb\u00e9m foi debatida na reuni\u00e3o. A supervisora da Sa\u00fade da Mulher sinalizou a import\u00e2ncia de trabalhar em parceria com o Hospital Universit\u00e1rio (HU) da Universidade Federal de Juiz de Fora (UFJF) nesta a\u00e7\u00e3o.<\/p>\n<p>&nbsp;<\/p>\n<p>A reuni\u00e3o contou com a presen\u00e7a do superintendente Regional de Sa\u00fade, Renan Guimar\u00e3es. Ele enfatizou a refer\u00eancia em sa\u00fade para a macrorregi\u00e3o. \u201cJuiz de Fora \u00e9 um centro muito forte para atendimento \u00e0s gestantes. Deste modo, temos que fortalecer a rede assistencial municipal e realizar a regionaliza\u00e7\u00e3o do atendimento considerando o fluxo de regula\u00e7\u00e3o entre a cidade e a regi\u00e3o\u201d.<\/p>\n<p>&nbsp;<\/p>\n<p>Al\u00e9m do secret\u00e1rio de Sa\u00fade, Ivan Chebli, e servidores da Secretaria de Sa\u00fade (SS), a reuni\u00e3o contou com a presen\u00e7a de representante do Hospital Universit\u00e1rio (HU) da Universidade Federal de Juiz de Fora (UFJF), do Hospital e Maternidade Therezinha de Jesus (HMTJ), da Santa Casa de Miseric\u00f3rdia, do Hospital S\u00e3o Vicente de Paula (HSVP) e do Hospital Regional Dr. Jo\u00e3o Penido (HRJP). Participaram tamb\u00e9m o superintendente Regional de Sa\u00fade e um representante do Servi\u00e7o de Atendimento M\u00f3vel de Urg\u00eancia (SAMU).<\/p>\n<p>&nbsp;<\/p>\n","protected":false},"excerpt":{"rendered":"<p>Segundo informa\u00e7\u00f5es do site da Prefeitura de Juiz de Fora (PJF), a\u00a0Prefeitura de Juiz de Fora (PJF) sediou, na \u00faltima sexta-feira, 22, reuni\u00e3o entre servidores da Secretaria de Sa\u00fade (SS) e representantes das maternidades assistenciais do Sistema Municipal de Sa\u00fade. O intuito do encontro foi reconhecer as dificuldades dos prestadores de servi\u00e7os e fortalecer a [&hellip;]<\/p>\n","protected":false},"author":246,"featured_media":202099,"comment_status":"closed","ping_status":"closed","sticky":false,"template":"","format":"standard","meta":{"footnotes":""},"categories":[253,436,439],"tags":[],"class_list":["post-202098","post","type-post","status-publish","format-standard","has-post-thumbnail","hentry","category-cidade","category-destaque-da-semana","category-ultima-hora"],"_links":{"self":[{"href":"https:\/\/diarioregionaldigital.com.br\/index.php?rest_route=\/wp\/v2\/posts\/202098","targetHints":{"allow":["GET"]}}],"collection":[{"href":"https:\/\/diarioregionaldigital.com.br\/index.php?rest_route=\/wp\/v2\/posts"}],"about":[{"href":"https:\/\/diarioregionaldigital.com.br\/index.php?rest_route=\/wp\/v2\/types\/post"}],"author":[{"embeddable":true,"href":"https:\/\/diarioregionaldigital.com.br\/index.php?rest_route=\/wp\/v2\/users\/246"}],"replies":[{"embeddable":true,"href":"https:\/\/diarioregionaldigital.com.br\/index.php?rest_route=%2Fwp%2Fv2%2Fcomments&post=202098"}],"version-history":[{"count":1,"href":"https:\/\/diarioregionaldigital.com.br\/index.php?rest_route=\/wp\/v2\/posts\/202098\/revisions"}],"predecessor-version":[{"id":202100,"href":"https:\/\/diarioregionaldigital.com.br\/index.php?rest_route=\/wp\/v2\/posts\/202098\/revisions\/202100"}],"wp:featuredmedia":[{"embeddable":true,"href":"https:\/\/diarioregionaldigital.com.br\/index.php?rest_route=\/wp\/v2\/media\/202099"}],"wp:attachment":[{"href":"https:\/\/diarioregionaldigital.com.br\/index.php?rest_route=%2Fwp%2Fv2%2Fmedia&parent=202098"}],"wp:term":[{"taxonomy":"category","embeddable":true,"href":"https:\/\/diarioregionaldigital.com.br\/index.php?rest_route=%2Fwp%2Fv2%2Fcategories&post=202098"},{"taxonomy":"post_tag","embeddable":true,"href":"https:\/\/diarioregionaldigital.com.br\/index.php?rest_route=%2Fwp%2Fv2%2Ftags&post=202098"}],"curies":[{"name":"wp","href":"https:\/\/api.w.org\/{rel}","templated":true}]}}