{"id":202094,"date":"2022-07-25T19:04:25","date_gmt":"2022-07-25T22:04:25","guid":{"rendered":"https:\/\/diarioregionaldigital.com.br\/?p=202094"},"modified":"2022-07-25T19:04:25","modified_gmt":"2022-07-25T22:04:25","slug":"confira-o-calendario-de-imunizacao-contra-a-covid-19-na-terca-feira-26","status":"publish","type":"post","link":"https:\/\/diarioregionaldigital.com.br\/?p=202094","title":{"rendered":"Confira o calend\u00e1rio de imuniza\u00e7\u00e3o contra a Covid-19 na ter\u00e7a-feira, 26"},"content":{"rendered":"<p>Segundo informa\u00e7\u00f5es do site da Prefeitura de Juiz de Fora (PJF), a\u00a0campanha de vacina\u00e7\u00e3o contra a Covid-19 da Prefeitura de Juiz de Fora (PJF) continua nesta ter\u00e7a-feira, 26. Todos os p\u00fablicos eletivos poder\u00e3o se imunizar nas Unidades B\u00e1sicas de Sa\u00fade (UBSs), de 8h \u00e0s 10h30 e de 13h \u00e0s 16h.<\/p>\n<p>&nbsp;<\/p>\n<p>Os imunizantes s\u00e3o aplicados tamb\u00e9m no\u00a0Departamento\u00a0de Sa\u00fade da Mulher Gestante, Crian\u00e7a e Adolescentes (DSMGCA),\u00a0<strong>exclusivamente para crian\u00e7as e adolescentes,<\/strong>\u00a0e no\u00a0Servi\u00e7o de Sa\u00fade do Idoso (Sasi),\u00a0<strong>para pessoas acima dos 12 anos,\u00a0<\/strong>das 8h \u00e0s 16h<strong>.\u00a0<\/strong>As crian\u00e7as de tr\u00eas e quatro anos recebem os imunizantes\u00a0<strong>em quatro unidades de sa\u00fade e no DSMGCA.<\/strong><\/p>\n<p>&nbsp;<\/p>\n<p>A vacina contra a Influenza, aplicada para o p\u00fablico geral nos mesmos locais,<strong>\u00a0pode ser recebida por estes p\u00fablicos conjuntamente com os imunizantes contra a Covid-19<\/strong>\u00a0sem qualquer tipo de problema.\u00a0<strong>Com exce\u00e7\u00e3o das crian\u00e7as, menores de 12 anos,<\/strong>\u00a0que n\u00e3o podem tomar as doses contra a Covid e outras vacinas no mesmo momento.<\/p>\n<p>&nbsp;<\/p>\n<p>A Secretaria de Sa\u00fade (SS) destaca a import\u00e2ncia do recebimento da vacina de refor\u00e7o e pede para que todos aqueles que receberam a 2\u00aa dose h\u00e1 pelo menos quatro meses procurem um posto de vacina\u00e7\u00e3o para aumentar sua prote\u00e7\u00e3o contra o v\u00edrus.<\/p>\n<p>&nbsp;<\/p>\n<p>As segundas doses dos imunizantes AstraZeneca, Coronavac, Janssen e Pfizer, al\u00e9m das vacinas de refor\u00e7o, s\u00e3o disponibilizadas de forma cont\u00ednua. A 2\u00aa dose da Janssen \u00e9 destinada a todas as pessoas que receberam a primeira dose desse imunizante h\u00e1 dois meses ou data anterior.\u00a0 J\u00e1 o intervalo entre 1\u00aa e 2\u00aa aplica\u00e7\u00e3o da AstraZeneca \u00e9 de oito semanas; da Coronavac \u00e9 de 28 dias; e da Pfizer, de 21 dias. O intervalo da 2\u00aa dose para a aplica\u00e7\u00e3o da vacina de refor\u00e7o \u00e9 de quatro meses.<\/p>\n<p>&nbsp;<\/p>\n<p><strong>A lista com todos os endere\u00e7os e hor\u00e1rios de funcionamento dos locais de vacina\u00e7\u00e3o destinados a cada um dos p\u00fablicos est\u00e1 dispon\u00edvel no fim deste texto.\u00a0<\/strong><\/p>\n<p>&nbsp;<\/p>\n<p><strong>A pasta explica que as doses de refor\u00e7o, ou terceiras doses, para o p\u00fablico geral s\u00e3o apenas para os maiores de 12 anos. N\u00e3o h\u00e1 recomenda\u00e7\u00e3o de refor\u00e7o para as crian\u00e7as, com idades entre 3 e 11 anos, que recebem apenas as duas doses contra o coronav\u00edrus. A dose de refor\u00e7o s\u00f3 \u00e9 aplicada para estas pessoas caso elas sejam imunossuprimidas.<\/strong><\/p>\n<p>&nbsp;<\/p>\n<p><strong>At\u00e9 o momento, a quarta dose n\u00e3o est\u00e1 liberada para a popula\u00e7\u00e3o geral, sendo recomendada apenas para pessoas com imunossupress\u00e3o, pessoas com 40 anos ou mais de idade e profissionais de sa\u00fade com 18 anos ou mais de idade.\u00a0<\/strong><\/p>\n<p>&nbsp;<\/p>\n<p><strong>Pessoas na faixa et\u00e1ria entre 18 e 39 anos, que receberam a primeira dose e o refor\u00e7o do imunizante Janssen, poder\u00e3o tomar o segundo refor\u00e7o quatro meses ap\u00f3s o primeiro. J\u00e1 para pessoas com 40 anos ou mais de idade, o segundo refor\u00e7o \u00e9 indicado quatro meses ap\u00f3s o recebimento do primeiro, al\u00e9m da aplica\u00e7\u00e3o de um terceiro refor\u00e7o do imunizante da Janssen, quatro meses ap\u00f3s a aplica\u00e7\u00e3o do segundo.<\/strong><\/p>\n<p>&nbsp;<\/p>\n<p><strong>Documenta\u00e7\u00e3o<\/strong><\/p>\n<p>&nbsp;<\/p>\n<p>Aqueles que forem receber a primeira dose da vacina devem apresentar originais e c\u00f3pias de documento de identifica\u00e7\u00e3o com foto (como documento de identidade (RG) ou carteira de motorista) e o CPF, caso o n\u00famero do mesmo n\u00e3o conste na identidade, al\u00e9m da ficha de vacina\u00e7\u00e3o impressa e preenchida. As crian\u00e7as, pr\u00e9-adolescentes e adolescentes que n\u00e3o tiverem o documento de identidade, podem apresentar a certid\u00e3o de nascimento.<strong>\u00a0<\/strong>As crian\u00e7as com comorbidades ou imunossuprimidas, al\u00e9m destes documentos, devem\u00a0<strong>apresentar um laudo ou atestado m\u00e9dico datado de, no m\u00e1ximo, 12 meses, comprovando a condi\u00e7\u00e3o<\/strong>.<\/p>\n<p>&nbsp;<\/p>\n<p>As pessoas que v\u00e3o receber a D2 ou a dose de refor\u00e7o precisam apresentar apenas a ficha de vacina\u00e7\u00e3o, o cart\u00e3o de vacina e um documento de identifica\u00e7\u00e3o com foto, enquanto os imunossuprimidos, al\u00e9m destes documentos, devem apresentar um laudo ou atestado m\u00e9dico datado de, no m\u00e1ximo, 12 meses, comprovando a condi\u00e7\u00e3o. Este p\u00fablico pode buscar pela dose de refor\u00e7o a partir de 28 dias do recebimento da 2\u00aa dose. N\u00e3o \u00e9 necess\u00e1ria a apresenta\u00e7\u00e3o de comprovante de resid\u00eancia.<\/p>\n<p>&nbsp;<\/p>\n<p>Para se imunizar, o profissional de sa\u00fade deve levar declara\u00e7\u00e3o e\/ou comprovante (contracheque, carteira de trabalho) de v\u00ednculo profissional.<\/p>\n<p>&nbsp;<\/p>\n<p><strong>Refor\u00e7amos o pedido para todos que ser\u00e3o vacinados levarem, impressa e preenchida, a Ficha de Vacina\u00e7\u00e3o, cujo modelo est\u00e1 dispon\u00edvel\u00a0<\/strong><a href=\"https:\/\/covid19.pjf.mg.gov.br\/arquivos\/formulario_para_vacinacao.pdf\"><strong>aqui<\/strong><\/a><strong>, isso facilita no momento da triagem e agiliza o processo de vacina\u00e7\u00e3o.<\/strong><\/p>\n<p>&nbsp;<\/p>\n<p><strong>Segundas doses (adultos)<\/strong><\/p>\n<p>&nbsp;<\/p>\n<p><strong>AstraZeneca\u00a0<\/strong>&#8211; A aplica\u00e7\u00e3o da segunda dose de AstraZeneca segue a data descrita no cart\u00e3o de vacina. Portanto, recebem a D2 todos aqueles com retorno agendado para o dia 26 de julho ou data anterior.<\/p>\n<p>&nbsp;<\/p>\n<p><strong>Coronavac\u00a0<\/strong>&#8211; A aplica\u00e7\u00e3o da segunda dose do imunizante Coronavac segue a data descrita no cart\u00e3o de vacina. Recebem a D2 todos aqueles com retorno agendado para o dia 26 de julho ou data anterior.<\/p>\n<p>&nbsp;<\/p>\n<p><strong>Janssen\u00a0<\/strong>&#8211; As segundas doses do imunizante Janssen s\u00e3o destinadas \u00e0s pessoas que receberam a primeira dose desta vacina no dia 26 de maio, ou seja, dois meses ap\u00f3s a vacina de dose \u00fanica.<\/p>\n<p>&nbsp;<\/p>\n<p><strong>Pfizer\u00a0<\/strong>&#8211; Quem recebeu a primeira dose da Pfizer no dia 5 de julho ou antes pode procurar um dos postos de imuniza\u00e7\u00e3o para receber a segunda.<\/p>\n<p>&nbsp;<\/p>\n<p><strong>Doses de refor\u00e7o (adultos)<\/strong><\/p>\n<p>&nbsp;<\/p>\n<p>As doses de refor\u00e7o s\u00e3o destinadas \u00e0s pessoas a partir de 12 anos que receberam a segunda dose h\u00e1 quatro meses ou mais, e s\u00e3o aplicadas nas UBSs.<strong>\u00a0<\/strong>Os imunossuprimidos, que receberam a D2 h\u00e1 pelo menos 28 dias, tamb\u00e9m devem receber a dose de refor\u00e7o, e a quarta dose deve ser aplicada quatro meses ap\u00f3s a D3.\u00a0<strong>Recebem tamb\u00e9m o segundo refor\u00e7o, pessoas com 40 anos ou mais, imunossuprimidos e trabalhadores da sa\u00fade com 18 anos ou mais, quatro meses ap\u00f3s receberem a terceira dose.<\/strong>\u00a0<strong>Os vacinados com o imunizante Janssen com idades entre 18 e 39 anos de idade, recebem a segunda dose de refor\u00e7o, e um terceiro refor\u00e7o \u00e9 voltado para pessoas com 40 anos ou mais de idade.<\/strong><\/p>\n<p>&nbsp;<\/p>\n<p><strong>Pessoas a partir de 12 anos, que v\u00e3o receber primeira, segunda dose, vacina de primeiro, segundo ou terceiro refor\u00e7o, al\u00e9m das UBSs, podem ser vacinados no Sasi, exclusivamente para esse p\u00fablico, das 8h \u00e0s 16h.<\/strong><\/p>\n<p>&nbsp;<\/p>\n<p><strong>Para as crian\u00e7as<\/strong><\/p>\n<p>&nbsp;<\/p>\n<p>As crian\u00e7as podem receber as primeiras e segundas doses em todas as UBSs e no Departamento\u00a0de Sa\u00fade da Mulher Gestante, Crian\u00e7a e Adolescentes (DSMGCA),\u00a0<strong>bem como as vacinas de rotina.<\/strong><\/p>\n<p>&nbsp;<\/p>\n<p>Seguindo recomenda\u00e7\u00f5es dos \u00f3rg\u00e3os competentes, as crian\u00e7as que forem se vacinar contra a Covid-19 n\u00e3o podem ter recebido outra vacina nos \u00faltimos 15 dias e n\u00e3o dever\u00e3o receber outro imunizante nos 15 dias posteriores ao recebimento da primeira dose da vacina contra o coronav\u00edrus.<\/p>\n<p>&nbsp;<\/p>\n<p><strong>Pedimos aos pais e respons\u00e1veis que levem, impressa e preenchida, a Ficha de Vacina\u00e7\u00e3o das crian\u00e7as, cujo modelo est\u00e1 dispon\u00edvel\u00a0<\/strong><a href=\"https:\/\/covid19.pjf.mg.gov.br\/arquivos\/formulario_para_vacinacao.pdf\"><strong>aqui<\/strong><\/a><strong>, isso facilita no momento da triagem e agiliza o processo de vacina\u00e7\u00e3o.<\/strong><\/p>\n<p>&nbsp;<\/p>\n<p><strong>Confira o calend\u00e1rio de vacina\u00e7\u00e3o contra a Covid-19 de ter\u00e7a-feira, 26 de julho:<\/strong><\/p>\n<p>&nbsp;<\/p>\n<p><strong>Primeiras doses de todas as crian\u00e7as de 3 a 4 anos:<\/strong><\/p>\n<p>4 UBSs de 8h \u00e0s 10h30 e de 13h \u00e0s 16h;\u00a0DSMGCA de 8h \u00e0s 16h.<\/p>\n<p>&nbsp;<\/p>\n<p><strong>Primeiras doses de todas as crian\u00e7as entre 5 e 11 anos<\/strong><\/p>\n<p>UBSs de 8h \u00e0s 10h30 e de 13h \u00e0s 16h;\u00a0DSMGCA de 8h \u00e0s 16h.<\/p>\n<p>&nbsp;<\/p>\n<p><strong>Primeiras doses de todas as pessoas com 12 anos ou mais<\/strong><\/p>\n<p>UBSs de 8h \u00e0s 10h30 e de 13h \u00e0s 16h e Sasi, de 8h \u00e0s 16h.<\/p>\n<p>&nbsp;<\/p>\n<p><strong>Segundas doses de AstraZeneca para as pessoas com retorno agendado no cart\u00e3o para o dia 26 de julho ou em data anterior<\/strong><\/p>\n<p>UBSs de 8h \u00e0s 10h30 e de 13h \u00e0s 16h e Sasi, de 8h \u00e0s 16h.<\/p>\n<p>&nbsp;<\/p>\n<p><strong>Segundas doses de Coronavac para pessoas com retorno agendado no cart\u00e3o no dia 26 de julho ou data anterior<\/strong><\/p>\n<p>UBSs de 8h \u00e0s 10h30 e de 13h \u00e0s 14h30 e Sasi, de 8h \u00e0s 16h.<\/p>\n<p>&nbsp;<\/p>\n<p><strong>Segundas doses de Janssen para todas as pessoas que foram vacinadas no dia 26 de maio ou antes<\/strong><\/p>\n<p>UBSs de 8h \u00e0s 10h30 e de 13h \u00e0s 16h e Sasi, de 8h \u00e0s 16h.<\/p>\n<p>&nbsp;<\/p>\n<p><strong>Segundas doses de Pfizer para todos que receberam a primeira dose at\u00e9 o dia 5 de julho ou data anterior\u00a0<\/strong><\/p>\n<p>UBSs de 8h \u00e0s 10h30 e de 13h \u00e0s 16h.<\/p>\n<p>&nbsp;<\/p>\n<p><strong>Vacina\u00e7\u00e3o de refor\u00e7o para pessoas com 12 anos ou mais que receberam a segunda dose h\u00e1 4 meses (28 de mar\u00e7o) ou antes<\/strong><\/p>\n<p>Sasi, de 8h \u00e0s 16h; UBSs de 8h \u00e0s 10h30 e de 13h \u00e0s 16h.<\/p>\n<p>&nbsp;<\/p>\n<p><strong>Vacina\u00e7\u00e3o de refor\u00e7o para pessoas com 18 anos ou mais que receberam a segunda dose da Janssen h\u00e1 4 meses (28 de mar\u00e7o) ou antes<\/strong><\/p>\n<p>Sasi, de 8h \u00e0s 16h; UBSs de 8h \u00e0s 10h30 e de 13h \u00e0s 16h.<\/p>\n<p>&nbsp;<\/p>\n<p><strong>Vacina\u00e7\u00e3o de refor\u00e7o para pessoas de 12 anos a 17 anos que receberam a segunda dose h\u00e1 4 meses (28 de mar\u00e7o) ou antes<\/strong><\/p>\n<p>Sasi, de 8h \u00e0s 16h; UBSs de 8h \u00e0s 10h30 e de 13h \u00e0s 16h;\u00a0DSMGCA de 8h \u00e0s 16h.<\/p>\n<p>&nbsp;<\/p>\n<p><strong>Vacina\u00e7\u00e3o de refor\u00e7o para imunossuprimidos que receberam a segunda dose h\u00e1 pelo menos 28 dias<\/strong><\/p>\n<p>Sasi, de 8h \u00e0s 16h; UBSs de 8h \u00e0s 10h30 e de 13h \u00e0s 16h.<\/p>\n<p>&nbsp;<\/p>\n<p><strong>Vacina\u00e7\u00e3o de refor\u00e7o para pessoas com 40 anos ou mais que receberam a terceira dose h\u00e1 4 meses (28 de mar\u00e7o) ou antes<\/strong><\/p>\n<p>Sasi, de 8h \u00e0s 16h; UBSs de 8h \u00e0s 10h30 e de 13h \u00e0s 16h.<\/p>\n<p>&nbsp;<\/p>\n<p><strong>Vacina\u00e7\u00e3o de refor\u00e7o para trabalhadores de sa\u00fade com 18 anos ou mais que receberam a terceira dose h\u00e1 4 meses (28 de mar\u00e7o) ou antes<\/strong><\/p>\n<p>Sasi, de 8h \u00e0s 16h; UBSs de 8h \u00e0s 10h30 e de 13h \u00e0s 16h.<\/p>\n<p>&nbsp;<\/p>\n<p><strong>Vacina\u00e7\u00e3o de refor\u00e7o para imunossuprimidos que receberam a terceira dose h\u00e1 4 meses (28 de mar\u00e7o) ou antes<\/strong><\/p>\n<p>Sasi, de 8h \u00e0s 16h; UBSs de 8h \u00e0s 10h30 e de 13h \u00e0s 16h.<\/p>\n<p>&nbsp;<\/p>\n<p><strong>Endere\u00e7os dos locais de vacina\u00e7\u00e3o<\/strong><\/p>\n<p>&nbsp;<\/p>\n<p><strong>Servi\u00e7o de Sa\u00fade do Idoso (Sasi) &#8211; exclusivamente para pessoas com 12 anos ou mais &#8211; das 8h \u00e0s 16h<\/strong><\/p>\n<p>&nbsp;<\/p>\n<p>Rua Batista de Oliveira 943, bairro Granbery.<\/p>\n<p>&nbsp;<\/p>\n<p><strong>Departamento de Sa\u00fade da Mulher Gestante, Crian\u00e7a e Adolescentes (DSMGCA) &#8211; exclusivamente para crian\u00e7as e adolescentes (4 a 17 anos) &#8211; das 8h \u00e0s 16h (vacina\u00e7\u00e3o contra covid) e das 8h \u00e0s 14h (vacina\u00e7\u00e3o contra influenza e demais vacinas de rotina)<\/strong><\/p>\n<p>&nbsp;<\/p>\n<p>Rua S\u00e3o Sebasti\u00e3o, 772\/776, Centro<\/p>\n<p>&nbsp;<\/p>\n<p><strong>4 UBSs que vacinam crian\u00e7as 8h \u00e0s 10h30 e de 13h \u00e0s 16h (quintas, de 8h \u00e0s 10h30 e de 13h \u00e0s 14h30):<\/strong><\/p>\n<p>&nbsp;<\/p>\n<p>1.UBS Cidade do Sol<\/p>\n<p>2.UBS Nossa Senhora Aparecida<\/p>\n<p>3.UBS Bandeirantes<\/p>\n<p>4.UBS Teixeiras<\/p>\n<p>&nbsp;<\/p>\n<p><strong>UBSs que vacinam\u00a0 8h \u00e0s 10h30 e de 13h \u00e0s 16h (quintas, de 8h \u00e0s 10h30 e de 13h \u00e0s 14h30):<\/strong><\/p>\n<p>&nbsp;<\/p>\n<p>1. UBS Santa Cec\u00edlia<\/p>\n<p>2. UBS Industrial<\/p>\n<p>3. UBS Joquei Clube I<\/p>\n<p>4. UBS Joquei Clube 2<\/p>\n<p>5. UBS Centro Sul<\/p>\n<p>6. UBS Monte Castelo<\/p>\n<p>7. UBS Dom Bosco<\/p>\n<p>8. UBS Santa Cruz<\/p>\n<p>9. UBS Benfica<\/p>\n<p>10. UBS Barreira do Triunfo<\/p>\n<p>11. UBS Vila Esperan\u00e7a<\/p>\n<p>12. UBS Vale Verde<\/p>\n<p>13. UBS S\u00e3o Pedro<\/p>\n<p>14. UBS Santa Rita<\/p>\n<p>15. UBS Santo Ant\u00f4nio<\/p>\n<p>16. UBS Granjas Beth\u00e2nia<\/p>\n<p>17. UBS Filgueiras<\/p>\n<p>18. UBS Grama<\/p>\n<p>19. UBS S\u00e3o Judas Tadeu<\/p>\n<p>20. Ubs Jardim Esperan\u00e7a<\/p>\n<p>21. UBS Cidade do Sol<\/p>\n<p>22. UBS Vila Ideal<\/p>\n<p>23.\u00a0 UBS Jardim da Lua<\/p>\n<p>24. UBS Santos Dumont<\/p>\n<p>25. UBS Humait\u00e1<\/p>\n<p>26. UBS Marumbi<\/p>\n<p>27. UBS Nossa Senhora das Gra\u00e7as<\/p>\n<p>28. UBS Nossa Senhora de Lourdes<\/p>\n<p>29. UBS Nossa Senhora Aparecida<\/p>\n<p>30. UBS Teixeiras<\/p>\n<p>31. UBS Milho Branco<\/p>\n<p>32. UBS Nova Era<\/p>\n<p>33. UBS Progresso<\/p>\n<p>34. UBS Linhares<\/p>\n<p>35. UBS Bandeirantes<\/p>\n<p>36. UBS Santa Luzia<\/p>\n<p>37. UBS Parque Guarani<\/p>\n<p>38. UBS Santa Efig\u00eania<\/p>\n<p>39. UBS Furtado de Menezes<\/p>\n<p>40. UBS Retiro<\/p>\n<p>41. UBS Jardim Natal<\/p>\n<p>42. UBS Alto Graja\u00fa<\/p>\n<p>43. UBS Cruzeiro do Sul<\/p>\n<p>44. UBS Esplanada<\/p>\n<p>45. UBS Pirapetinga<\/p>\n<p>46. UBS Caet\u00e9<\/p>\n","protected":false},"excerpt":{"rendered":"<p>Segundo informa\u00e7\u00f5es do site da Prefeitura de Juiz de Fora (PJF), a\u00a0campanha de vacina\u00e7\u00e3o contra a Covid-19 da Prefeitura de Juiz de Fora (PJF) continua nesta ter\u00e7a-feira, 26. Todos os p\u00fablicos eletivos poder\u00e3o se imunizar nas Unidades B\u00e1sicas de Sa\u00fade (UBSs), de 8h \u00e0s 10h30 e de 13h \u00e0s 16h. &nbsp; Os imunizantes s\u00e3o aplicados [&hellip;]<\/p>\n","protected":false},"author":246,"featured_media":202095,"comment_status":"closed","ping_status":"closed","sticky":false,"template":"","format":"standard","meta":{"footnotes":""},"categories":[253,436,440,439],"tags":[],"class_list":["post-202094","post","type-post","status-publish","format-standard","has-post-thumbnail","hentry","category-cidade","category-destaque-da-semana","category-destaques-do-dia","category-ultima-hora"],"_links":{"self":[{"href":"https:\/\/diarioregionaldigital.com.br\/index.php?rest_route=\/wp\/v2\/posts\/202094","targetHints":{"allow":["GET"]}}],"collection":[{"href":"https:\/\/diarioregionaldigital.com.br\/index.php?rest_route=\/wp\/v2\/posts"}],"about":[{"href":"https:\/\/diarioregionaldigital.com.br\/index.php?rest_route=\/wp\/v2\/types\/post"}],"author":[{"embeddable":true,"href":"https:\/\/diarioregionaldigital.com.br\/index.php?rest_route=\/wp\/v2\/users\/246"}],"replies":[{"embeddable":true,"href":"https:\/\/diarioregionaldigital.com.br\/index.php?rest_route=%2Fwp%2Fv2%2Fcomments&post=202094"}],"version-history":[{"count":2,"href":"https:\/\/diarioregionaldigital.com.br\/index.php?rest_route=\/wp\/v2\/posts\/202094\/revisions"}],"predecessor-version":[{"id":202097,"href":"https:\/\/diarioregionaldigital.com.br\/index.php?rest_route=\/wp\/v2\/posts\/202094\/revisions\/202097"}],"wp:featuredmedia":[{"embeddable":true,"href":"https:\/\/diarioregionaldigital.com.br\/index.php?rest_route=\/wp\/v2\/media\/202095"}],"wp:attachment":[{"href":"https:\/\/diarioregionaldigital.com.br\/index.php?rest_route=%2Fwp%2Fv2%2Fmedia&parent=202094"}],"wp:term":[{"taxonomy":"category","embeddable":true,"href":"https:\/\/diarioregionaldigital.com.br\/index.php?rest_route=%2Fwp%2Fv2%2Fcategories&post=202094"},{"taxonomy":"post_tag","embeddable":true,"href":"https:\/\/diarioregionaldigital.com.br\/index.php?rest_route=%2Fwp%2Fv2%2Ftags&post=202094"}],"curies":[{"name":"wp","href":"https:\/\/api.w.org\/{rel}","templated":true}]}}