{"id":202090,"date":"2022-07-25T19:01:26","date_gmt":"2022-07-25T22:01:26","guid":{"rendered":"https:\/\/diarioregionaldigital.com.br\/?p=202090"},"modified":"2022-07-25T19:01:26","modified_gmt":"2022-07-25T22:01:26","slug":"jogador-preso-por-acidente-com-morte-recebe-liberdade-provisoria","status":"publish","type":"post","link":"https:\/\/diarioregionaldigital.com.br\/?p=202090","title":{"rendered":"Jogador preso por acidente com morte recebe liberdade provis\u00f3ria"},"content":{"rendered":"<p>O Tribunal de Justi\u00e7a de S\u00e3o Paulo (TJSP) informou neste s\u00e1bado (23) ter concedido liberdade provis\u00f3ria ao zagueiro Renan, do Red Bull Bragantino, preso em flagrante na sexta-feira (22) sob acusa\u00e7\u00e3o de atropelar e matar um motociclista de 38 anos de idade em um acidente de carro pela manh\u00e3, em Bragan\u00e7a Paulista (SP). O jogador de 20 anos tem 72 horas para pagar a fian\u00e7a, no valor de 200 sal\u00e1rios m\u00ednimos, em torno de R$ 242 mil.<img decoding=\"async\" src=\"https:\/\/agenciabrasil.ebc.com.br\/ebc.png?id=1472314&amp;o=node\" \/><img decoding=\"async\" src=\"https:\/\/agenciabrasil.ebc.com.br\/ebc.gif?id=1472314&amp;o=node\" \/><\/p>\n<p>Segundo nota do TJSP, Renan ainda ter\u00e1 de comparecer a todos os atos do processo quando convocado e manter endere\u00e7o atualizado, al\u00e9m de estar proibido &#8220;de frequentar bares, prost\u00edbulos e casas de show&#8221;. O zagueiro ainda precisar\u00e1 entregar o passaporte \u00e0 Pol\u00edcia Federal, tamb\u00e9m no prazo de 72 anos, sob pena de revoga\u00e7\u00e3o da liberdade provis\u00f3ria.<\/p>\n<p>O acidente ocorreu \u00e0s 6h40 de sexta-feira, na Rodovia Alkindar Monteiro Junqueira, no bairro Quinta da Baronesa, em Bragan\u00e7a Paulista (SP). Renan foi detido por homic\u00eddio culposo e passou a noite na cadeia p\u00fablica de Piracaia (SP), cidade vizinha. Na decis\u00e3o referente \u00e0 audi\u00eancia de cust\u00f3dia deste s\u00e1bado, foi informado que o zagueiro n\u00e3o possu\u00eda permiss\u00e3o para dirigir e estava conduzindo &#8220;sob a influ\u00eancia de \u00e1lcool&#8221;. As imagens da trag\u00e9dia mostram que o defensor estava com o carro na contram\u00e3o.<\/p>\n<p>Tanto o Bragantino, clube ao qual Renan est\u00e1 emprestado at\u00e9 o fim da temporada, como o Palmeiras, com quem o jogador \u00e9 vinculado at\u00e9 2025, manifestaram-se na sexta-feira, por meio de notas oficiais. Os dois times informaram que acompanham o caso de perto e se colocaram \u00e0 disposi\u00e7\u00e3o das autoridades e dos familiares da v\u00edtima, com os quais se solidarizaram.<\/p>\n<p><span style=\"font-weight: 400;\">Fonte: Ag\u00eancia Brasil<\/span><\/p>\n","protected":false},"excerpt":{"rendered":"<p>O Tribunal de Justi\u00e7a de S\u00e3o Paulo (TJSP) informou neste s\u00e1bado (23) ter concedido liberdade provis\u00f3ria ao zagueiro Renan, do Red Bull Bragantino, preso em flagrante na sexta-feira (22) sob acusa\u00e7\u00e3o de atropelar e matar um motociclista de 38 anos de idade em um acidente de carro pela manh\u00e3, em Bragan\u00e7a Paulista (SP). O jogador [&hellip;]<\/p>\n","protected":false},"author":246,"featured_media":202091,"comment_status":"closed","ping_status":"closed","sticky":false,"template":"","format":"standard","meta":{"footnotes":""},"categories":[436,257,439],"tags":[],"class_list":["post-202090","post","type-post","status-publish","format-standard","has-post-thumbnail","hentry","category-destaque-da-semana","category-esporte","category-ultima-hora"],"_links":{"self":[{"href":"https:\/\/diarioregionaldigital.com.br\/index.php?rest_route=\/wp\/v2\/posts\/202090","targetHints":{"allow":["GET"]}}],"collection":[{"href":"https:\/\/diarioregionaldigital.com.br\/index.php?rest_route=\/wp\/v2\/posts"}],"about":[{"href":"https:\/\/diarioregionaldigital.com.br\/index.php?rest_route=\/wp\/v2\/types\/post"}],"author":[{"embeddable":true,"href":"https:\/\/diarioregionaldigital.com.br\/index.php?rest_route=\/wp\/v2\/users\/246"}],"replies":[{"embeddable":true,"href":"https:\/\/diarioregionaldigital.com.br\/index.php?rest_route=%2Fwp%2Fv2%2Fcomments&post=202090"}],"version-history":[{"count":2,"href":"https:\/\/diarioregionaldigital.com.br\/index.php?rest_route=\/wp\/v2\/posts\/202090\/revisions"}],"predecessor-version":[{"id":202093,"href":"https:\/\/diarioregionaldigital.com.br\/index.php?rest_route=\/wp\/v2\/posts\/202090\/revisions\/202093"}],"wp:featuredmedia":[{"embeddable":true,"href":"https:\/\/diarioregionaldigital.com.br\/index.php?rest_route=\/wp\/v2\/media\/202091"}],"wp:attachment":[{"href":"https:\/\/diarioregionaldigital.com.br\/index.php?rest_route=%2Fwp%2Fv2%2Fmedia&parent=202090"}],"wp:term":[{"taxonomy":"category","embeddable":true,"href":"https:\/\/diarioregionaldigital.com.br\/index.php?rest_route=%2Fwp%2Fv2%2Fcategories&post=202090"},{"taxonomy":"post_tag","embeddable":true,"href":"https:\/\/diarioregionaldigital.com.br\/index.php?rest_route=%2Fwp%2Fv2%2Ftags&post=202090"}],"curies":[{"name":"wp","href":"https:\/\/api.w.org\/{rel}","templated":true}]}}