{"id":202087,"date":"2022-07-25T18:58:48","date_gmt":"2022-07-25T21:58:48","guid":{"rendered":"https:\/\/diarioregionaldigital.com.br\/?p=202087"},"modified":"2022-07-25T18:58:48","modified_gmt":"2022-07-25T21:58:48","slug":"apos-derrota-para-lanterna-da-serie-b-vasco-demite-mauricio-souza","status":"publish","type":"post","link":"https:\/\/diarioregionaldigital.com.br\/?p=202087","title":{"rendered":"Ap\u00f3s derrota para lanterna da S\u00e9rie B, Vasco demite Maur\u00edcio Souza"},"content":{"rendered":"<p>A passagem de Maur\u00edcio Souza pelo Vasco durou oito jogos. Neste domingo (24), o Cruzmaltino anunciou a demiss\u00e3o do treinador, anunciado em 13 de junho como substituto de Z\u00e9 Ricardo, que havia trocado o clube, uma semana antes, pelo Shimizu S-Pulse, do Jap\u00e3o.<img decoding=\"async\" src=\"https:\/\/agenciabrasil.ebc.com.br\/ebc.png?id=1472373&amp;o=node\" \/><img decoding=\"async\" src=\"https:\/\/agenciabrasil.ebc.com.br\/ebc.gif?id=1472373&amp;o=node\" \/><\/p>\n<p>A derrota de ontem (23) para o Vila Nova, por 1 a 0, no Serra Dourada, em Goi\u00e2nia, pela 20\u00aa rodada da S\u00e9rie B do Campeonato Brasileiro, foi decisiva para a sa\u00edda do t\u00e9cnico, que perdeu mais duas vezes a frente do Gigante da Colina, com dois empates e somente tr\u00eas vit\u00f3rias. O aproveitamento foi de 45,8%.<\/p>\n<p>Quando Maur\u00edcio come\u00e7ou o trabalho, o Vasco estava invicto e aparecia na terceira posi\u00e7\u00e3o, com 24 pontos, a quatro do l\u00edder Cruzeiro. O clube segue na mesma coloca\u00e7\u00e3o, mas com tr\u00eas derrotas no percurso e vendo a diferen\u00e7a para a Raposa subir para dez pontos. A vantagem para o quinto colocado \u00e9 a mesma (seis pontos) de oito jogos atr\u00e1s. Foi a primeira vez que o treinador comandou um time profissional de forma efetiva.<\/p>\n<p>Segundo a nota divulgada pelo tima, a equipe profissional estar\u00e1 a cargo da comiss\u00e3o permanente, formada pelo t\u00e9cnico interino Emilio Faro, o auxiliar Jo\u00e3o Correia e o preparador f\u00edsico Daniel Felix. O pr\u00f3ximo compromisso pela S\u00e9rie B ser\u00e1 nesta quinta-feira (28), \u00e0s 19h (hor\u00e1rio de Bras\u00edlia), contra o CRB, em S\u00e3o Janu\u00e1rio, no Rio de Janeiro.<\/p>\n<p><span style=\"font-weight: 400;\"><br \/>\n<\/span><span style=\"font-weight: 400;\">Fonte: Ag\u00eancia Brasil <\/span><\/p>\n","protected":false},"excerpt":{"rendered":"<p>A passagem de Maur\u00edcio Souza pelo Vasco durou oito jogos. Neste domingo (24), o Cruzmaltino anunciou a demiss\u00e3o do treinador, anunciado em 13 de junho como substituto de Z\u00e9 Ricardo, que havia trocado o clube, uma semana antes, pelo Shimizu S-Pulse, do Jap\u00e3o. A derrota de ontem (23) para o Vila Nova, por 1 a [&hellip;]<\/p>\n","protected":false},"author":246,"featured_media":202088,"comment_status":"closed","ping_status":"closed","sticky":false,"template":"","format":"standard","meta":{"footnotes":""},"categories":[436,257,439],"tags":[],"class_list":["post-202087","post","type-post","status-publish","format-standard","has-post-thumbnail","hentry","category-destaque-da-semana","category-esporte","category-ultima-hora"],"_links":{"self":[{"href":"https:\/\/diarioregionaldigital.com.br\/index.php?rest_route=\/wp\/v2\/posts\/202087","targetHints":{"allow":["GET"]}}],"collection":[{"href":"https:\/\/diarioregionaldigital.com.br\/index.php?rest_route=\/wp\/v2\/posts"}],"about":[{"href":"https:\/\/diarioregionaldigital.com.br\/index.php?rest_route=\/wp\/v2\/types\/post"}],"author":[{"embeddable":true,"href":"https:\/\/diarioregionaldigital.com.br\/index.php?rest_route=\/wp\/v2\/users\/246"}],"replies":[{"embeddable":true,"href":"https:\/\/diarioregionaldigital.com.br\/index.php?rest_route=%2Fwp%2Fv2%2Fcomments&post=202087"}],"version-history":[{"count":1,"href":"https:\/\/diarioregionaldigital.com.br\/index.php?rest_route=\/wp\/v2\/posts\/202087\/revisions"}],"predecessor-version":[{"id":202089,"href":"https:\/\/diarioregionaldigital.com.br\/index.php?rest_route=\/wp\/v2\/posts\/202087\/revisions\/202089"}],"wp:featuredmedia":[{"embeddable":true,"href":"https:\/\/diarioregionaldigital.com.br\/index.php?rest_route=\/wp\/v2\/media\/202088"}],"wp:attachment":[{"href":"https:\/\/diarioregionaldigital.com.br\/index.php?rest_route=%2Fwp%2Fv2%2Fmedia&parent=202087"}],"wp:term":[{"taxonomy":"category","embeddable":true,"href":"https:\/\/diarioregionaldigital.com.br\/index.php?rest_route=%2Fwp%2Fv2%2Fcategories&post=202087"},{"taxonomy":"post_tag","embeddable":true,"href":"https:\/\/diarioregionaldigital.com.br\/index.php?rest_route=%2Fwp%2Fv2%2Ftags&post=202087"}],"curies":[{"name":"wp","href":"https:\/\/api.w.org\/{rel}","templated":true}]}}