{"id":202084,"date":"2022-07-25T18:54:06","date_gmt":"2022-07-25T21:54:06","guid":{"rendered":"https:\/\/diarioregionaldigital.com.br\/?p=202084"},"modified":"2022-07-25T18:54:06","modified_gmt":"2022-07-25T21:54:06","slug":"tiro-com-arco-brasil-conquista-bronze-em-etapa-da-copa-do-mundo","status":"publish","type":"post","link":"https:\/\/diarioregionaldigital.com.br\/?p=202084","title":{"rendered":"Tiro com arco: Brasil conquista bronze em etapa da Copa do Mundo"},"content":{"rendered":"<p>O Brasil conquistou, neste domingo (24), a medalha de bronze por equipes mistas da etapa de Medel\u00edn, Col\u00f4mbia, da Copa do Mundo de tiro com arco. A parceria entre Marcos Vin\u00edcius D&#8217;Almeida e Ana Luiza Caetano venceu, na disputa do terceiro lugar, os sul-coreanos An San e Kim Je Deok, campe\u00f5es ol\u00edmpicos nos Jogos de T\u00f3quio (Jap\u00e3o), no ano passado.<img decoding=\"async\" src=\"https:\/\/agenciabrasil.ebc.com.br\/ebc.png?id=1472401&amp;o=node\" \/><img decoding=\"async\" src=\"https:\/\/agenciabrasil.ebc.com.br\/ebc.gif?id=1472401&amp;o=node\" \/><\/p>\n<p>Os brasileiros superam Espanha e Holanda nas fases anteriores, caindo para o Taiwan (que ficou com o t\u00edtulo) na semifinal. A equipe da Coreia do Sul, maior for\u00e7a do tiro com arco mundial, foi surpreendida pelos Estados Unidos, que foram vice-campe\u00f5es em Medel\u00edn,\u00a0no outro confronto, entrando no caminho do Brasil na briga pela medalha de bronze.<\/p>\n<p>Marcos e Ana Luiza n\u00e3o se intimidaram com o favoritismo sul-coreano. Na primeira das quatro parciais, eles anotaram 36 pontos, com uma flecha na marca dos 10 pontos, duas nos 9 e um nos 8, contra tr\u00eas notas 8 e um 10 dos rivais, que somaram 34 pontos,\u00a0abrindo dois a zero no placar.<\/p>\n<p>No\u00a0<em>set<\/em>\u00a0seguinte, os asi\u00e1ticos reagiram e cravaram 38 pontos, com dois 9 e dois 10, mas os brasileiros foram ainda melhores, com tr\u00eas 10, sendo duas flechas perfeitas, no centro do alvo,\u00a0e um 9. Vit\u00f3ria por 39 a 38 para a dupla do Brasil, que foi a quatro a zero.<\/p>\n<p>An San e Je Deok levaram a melhor na terceira parcial e voltaram para o jogo com uma atua\u00e7\u00e3o perfeita: 40 pontos e quatro flechas nos 10 pontos, contra 37 pontos da equipe do Brasil (dois 10, um 9 e um 8). Marcos e Ana Luiza, por\u00e9m, n\u00e3o sentiram a press\u00e3o e foram novamente superiores no quarto e decisivo\u00a0<em>set<\/em>, ganhando por 38 a 37 e assegurando o bronze com um seis a dois no placar final.<\/p>\n<p>\u00c9 a segunda medalha consecutiva de Marcos em Copas do Mundo. Em junho, ele conquistou o ouro individual na etapa de Paris (Fran\u00e7a), derrotando sete arqueiros, entre eles o pr\u00f3prio Je Deok, na decis\u00e3o.<\/p>\n<p><span style=\"font-weight: 400;\">Fonte: Ag\u00eancia Brasil <\/span><\/p>\n","protected":false},"excerpt":{"rendered":"<p>O Brasil conquistou, neste domingo (24), a medalha de bronze por equipes mistas da etapa de Medel\u00edn, Col\u00f4mbia, da Copa do Mundo de tiro com arco. A parceria entre Marcos Vin\u00edcius D&#8217;Almeida e Ana Luiza Caetano venceu, na disputa do terceiro lugar, os sul-coreanos An San e Kim Je Deok, campe\u00f5es ol\u00edmpicos nos Jogos de [&hellip;]<\/p>\n","protected":false},"author":246,"featured_media":202085,"comment_status":"closed","ping_status":"closed","sticky":false,"template":"","format":"standard","meta":{"footnotes":""},"categories":[436,257,439],"tags":[],"class_list":["post-202084","post","type-post","status-publish","format-standard","has-post-thumbnail","hentry","category-destaque-da-semana","category-esporte","category-ultima-hora"],"_links":{"self":[{"href":"https:\/\/diarioregionaldigital.com.br\/index.php?rest_route=\/wp\/v2\/posts\/202084","targetHints":{"allow":["GET"]}}],"collection":[{"href":"https:\/\/diarioregionaldigital.com.br\/index.php?rest_route=\/wp\/v2\/posts"}],"about":[{"href":"https:\/\/diarioregionaldigital.com.br\/index.php?rest_route=\/wp\/v2\/types\/post"}],"author":[{"embeddable":true,"href":"https:\/\/diarioregionaldigital.com.br\/index.php?rest_route=\/wp\/v2\/users\/246"}],"replies":[{"embeddable":true,"href":"https:\/\/diarioregionaldigital.com.br\/index.php?rest_route=%2Fwp%2Fv2%2Fcomments&post=202084"}],"version-history":[{"count":1,"href":"https:\/\/diarioregionaldigital.com.br\/index.php?rest_route=\/wp\/v2\/posts\/202084\/revisions"}],"predecessor-version":[{"id":202086,"href":"https:\/\/diarioregionaldigital.com.br\/index.php?rest_route=\/wp\/v2\/posts\/202084\/revisions\/202086"}],"wp:featuredmedia":[{"embeddable":true,"href":"https:\/\/diarioregionaldigital.com.br\/index.php?rest_route=\/wp\/v2\/media\/202085"}],"wp:attachment":[{"href":"https:\/\/diarioregionaldigital.com.br\/index.php?rest_route=%2Fwp%2Fv2%2Fmedia&parent=202084"}],"wp:term":[{"taxonomy":"category","embeddable":true,"href":"https:\/\/diarioregionaldigital.com.br\/index.php?rest_route=%2Fwp%2Fv2%2Fcategories&post=202084"},{"taxonomy":"post_tag","embeddable":true,"href":"https:\/\/diarioregionaldigital.com.br\/index.php?rest_route=%2Fwp%2Fv2%2Ftags&post=202084"}],"curies":[{"name":"wp","href":"https:\/\/api.w.org\/{rel}","templated":true}]}}