{"id":202081,"date":"2022-07-25T18:38:49","date_gmt":"2022-07-25T21:38:49","guid":{"rendered":"https:\/\/diarioregionaldigital.com.br\/?p=202081"},"modified":"2022-07-25T18:38:49","modified_gmt":"2022-07-25T21:38:49","slug":"leticia-oro-fatura-bronze-no-salto-em-distancia-no-termino-do-mundial","status":"publish","type":"post","link":"https:\/\/diarioregionaldigital.com.br\/?p=202081","title":{"rendered":"Let\u00edcia Oro fatura bronze no salto em dist\u00e2ncia no t\u00e9rmino do Mundial"},"content":{"rendered":"<p>A brasileira Let\u00edcia Oro Melo recebeu na madrugada de hoje (25) a medalha de bronze conquistada no salto em dist\u00e2ncia, no Mundial de Atletismo em Eugene, no estado do Oregon (Estados Unidos). No final da noite de domingo (24), a catarinense surpreendeu ao saltar 6,89 metros, garantindo o terceiro lugar mundial. O ouro ficou com a alem\u00e3 Mikaila Mihambo (7,12 m) e a prata com a nigeriana Ese Brume\u00a0(7,02 m). Foi o segundo p\u00f3dio do Brasil no Est\u00e1dio Hayward Field: \u00a0\u00a0na \u00faltima ter\u00e7a (19), o paulista Alison dos Santos foi ouro nos 400m com barreiras.<img decoding=\"async\" src=\"https:\/\/agenciabrasil.ebc.com.br\/ebc.png?id=1472462&amp;o=node\" \/><img decoding=\"async\" src=\"https:\/\/agenciabrasil.ebc.com.br\/ebc.gif?id=1472462&amp;o=node\" \/><\/p>\n<p>Let\u00edcia bateu seu pr\u00f3prio recorde para se garantir na briga por medalhas: alcan\u00e7ou 6,67m no terceiro salto da fase eliminat\u00f3ria. O Mundial foi a segunda competi\u00e7\u00e3o do ano para a atleta de 24 anos, que h\u00e1 sete meses passou por cirurgia no joelho. Na final valendo o p\u00f3dio, Let\u00edcia cravou 6,89 m logo no primeiro salto. A brasileira ainda se esfor\u00e7ou para ampliar a marca, mas queimou os saltos restantes.<\/p>\n<blockquote><p>&#8220;Esse \u00e9 meu jeito, concentrada. N\u00e3o tenho medo de ningu\u00e9m. Estou em choque, mas quero agradecer a todos. E dizer que quero buscar os 7 metros, vou continuar treinando e sei que tenho condi\u00e7\u00f5es. Quando eu vi 6,89 m quase desmaie\u201d, disse Let\u00edcia. \u201cQuando eu vou competir, tanto no Estadual quanto no Mundial, eu penso em medalha\u201d, acrescentou a atleta em depoimento \u00e0 Confedera\u00e7\u00e3o Brasileira de Atletismo (CBAt).<\/p><\/blockquote>\n<p>O feito de Let\u00edcia recebeu elogios da campe\u00e3 ol\u00edmpica Maurren Maggi, ouro nos Jogos de Pequim (2008), que \u201cficou emocionada demais com a conquista de Let\u00edcia que deixou todas as grandes competidoras apavoradas com o seu salto de 6,89 m na primeira tentativa&#8221;.<\/p>\n<p><span style=\"font-weight: 400;\">Fonte: Ag\u00eancia Brasil <\/span><\/p>\n","protected":false},"excerpt":{"rendered":"<p>A brasileira Let\u00edcia Oro Melo recebeu na madrugada de hoje (25) a medalha de bronze conquistada no salto em dist\u00e2ncia, no Mundial de Atletismo em Eugene, no estado do Oregon (Estados Unidos). No final da noite de domingo (24), a catarinense surpreendeu ao saltar 6,89 metros, garantindo o terceiro lugar mundial. O ouro ficou com [&hellip;]<\/p>\n","protected":false},"author":246,"featured_media":202082,"comment_status":"closed","ping_status":"closed","sticky":false,"template":"","format":"standard","meta":{"footnotes":""},"categories":[436,440,257,439],"tags":[],"class_list":["post-202081","post","type-post","status-publish","format-standard","has-post-thumbnail","hentry","category-destaque-da-semana","category-destaques-do-dia","category-esporte","category-ultima-hora"],"_links":{"self":[{"href":"https:\/\/diarioregionaldigital.com.br\/index.php?rest_route=\/wp\/v2\/posts\/202081","targetHints":{"allow":["GET"]}}],"collection":[{"href":"https:\/\/diarioregionaldigital.com.br\/index.php?rest_route=\/wp\/v2\/posts"}],"about":[{"href":"https:\/\/diarioregionaldigital.com.br\/index.php?rest_route=\/wp\/v2\/types\/post"}],"author":[{"embeddable":true,"href":"https:\/\/diarioregionaldigital.com.br\/index.php?rest_route=\/wp\/v2\/users\/246"}],"replies":[{"embeddable":true,"href":"https:\/\/diarioregionaldigital.com.br\/index.php?rest_route=%2Fwp%2Fv2%2Fcomments&post=202081"}],"version-history":[{"count":1,"href":"https:\/\/diarioregionaldigital.com.br\/index.php?rest_route=\/wp\/v2\/posts\/202081\/revisions"}],"predecessor-version":[{"id":202083,"href":"https:\/\/diarioregionaldigital.com.br\/index.php?rest_route=\/wp\/v2\/posts\/202081\/revisions\/202083"}],"wp:featuredmedia":[{"embeddable":true,"href":"https:\/\/diarioregionaldigital.com.br\/index.php?rest_route=\/wp\/v2\/media\/202082"}],"wp:attachment":[{"href":"https:\/\/diarioregionaldigital.com.br\/index.php?rest_route=%2Fwp%2Fv2%2Fmedia&parent=202081"}],"wp:term":[{"taxonomy":"category","embeddable":true,"href":"https:\/\/diarioregionaldigital.com.br\/index.php?rest_route=%2Fwp%2Fv2%2Fcategories&post=202081"},{"taxonomy":"post_tag","embeddable":true,"href":"https:\/\/diarioregionaldigital.com.br\/index.php?rest_route=%2Fwp%2Fv2%2Ftags&post=202081"}],"curies":[{"name":"wp","href":"https:\/\/api.w.org\/{rel}","templated":true}]}}