{"id":202078,"date":"2022-07-25T18:30:36","date_gmt":"2022-07-25T21:30:36","guid":{"rendered":"https:\/\/diarioregionaldigital.com.br\/?p=202078"},"modified":"2022-07-25T18:30:36","modified_gmt":"2022-07-25T21:30:36","slug":"proposta-preve-permuta-de-policiais-entre-os-estados-e-o-distrito-federal","status":"publish","type":"post","link":"https:\/\/diarioregionaldigital.com.br\/?p=202078","title":{"rendered":"Proposta prev\u00ea permuta de policiais entre os estados e o Distrito Federal"},"content":{"rendered":"<p>O Projeto de Lei 1047\/22 prev\u00ea a permuta de policiais civis, penais e militares e de bombeiros militares por meio de conv\u00eanios entre os estados e o Distrito Federal. O texto est\u00e1 em an\u00e1lise na C\u00e2mara dos Deputados.<\/p>\n<p>Conforme a proposta, a permuta ter\u00e1 dura\u00e7\u00e3o definida entre os entes federativos e envolver\u00e1 igual n\u00famero de agentes de seguran\u00e7a das partes, considerados patente, gradua\u00e7\u00e3o, cargo ou fun\u00e7\u00e3o e enquadramento financeiro equivalente. O pagamento dos sal\u00e1rios caber\u00e1 ao ente federativo que receber os profissionais.<\/p>\n<p>\u201cA permuta de policiais e bombeiros ser\u00e1 eficiente para estabelecer uma maior integra\u00e7\u00e3o entre as corpora\u00e7\u00f5es, o que proporcionar\u00e1 troca de experi\u00eancias que ajudar\u00e3o no combate \u00e0 criminalidade, que atualmente n\u00e3o conhece fronteiras\u201d, afirmou o autor da proposta, deputado <a href=\"https:\/\/www.camara.leg.br\/deputados\/178924\">Capit\u00e3o F\u00e1bio Abreu (PSD-PI)<\/a>.<\/p>\n<p><strong>Tramita\u00e7\u00e3o<\/strong><br \/>\nO projeto tramita em <span id=\"4322\" class=\"termoGlossario\" title=\"\" contenteditable=\"false\" data-toggle=\"tooltip\" data-placement=\"top\" data-original-title=\"Rito de tramita\u00e7\u00e3o pelo qual o projeto \u00e9 votado apenas pelas comiss\u00f5es designadas para analis\u00e1-lo, dispensada a delibera\u00e7\u00e3o do Plen\u00e1rio. O projeto perde o car\u00e1ter conclusivo se houver decis\u00e3o divergente entre as comiss\u00f5es ou se, independentemente de ser aprovado ou rejeitado, houver recurso assinado por 52 deputados para a aprecia\u00e7\u00e3o da mat\u00e9ria no Plen\u00e1rio.\">car\u00e1ter conclusivo<\/span> e ser\u00e1 analisado pelas comiss\u00f5es de Seguran\u00e7a P\u00fablica e Combate ao Crime Organizado; e de Constitui\u00e7\u00e3o e Justi\u00e7a e de Cidadania.<\/p>\n<p>Fonte: Ag\u00eancia C\u00e2mara de Not\u00edcias<\/p>\n","protected":false},"excerpt":{"rendered":"<p>O Projeto de Lei 1047\/22 prev\u00ea a permuta de policiais civis, penais e militares e de bombeiros militares por meio de conv\u00eanios entre os estados e o Distrito Federal. O texto est\u00e1 em an\u00e1lise na C\u00e2mara dos Deputados. Conforme a proposta, a permuta ter\u00e1 dura\u00e7\u00e3o definida entre os entes federativos e envolver\u00e1 igual n\u00famero de [&hellip;]<\/p>\n","protected":false},"author":246,"featured_media":202079,"comment_status":"closed","ping_status":"closed","sticky":false,"template":"","format":"standard","meta":{"footnotes":""},"categories":[436,254,439],"tags":[],"class_list":["post-202078","post","type-post","status-publish","format-standard","has-post-thumbnail","hentry","category-destaque-da-semana","category-politica","category-ultima-hora"],"_links":{"self":[{"href":"https:\/\/diarioregionaldigital.com.br\/index.php?rest_route=\/wp\/v2\/posts\/202078","targetHints":{"allow":["GET"]}}],"collection":[{"href":"https:\/\/diarioregionaldigital.com.br\/index.php?rest_route=\/wp\/v2\/posts"}],"about":[{"href":"https:\/\/diarioregionaldigital.com.br\/index.php?rest_route=\/wp\/v2\/types\/post"}],"author":[{"embeddable":true,"href":"https:\/\/diarioregionaldigital.com.br\/index.php?rest_route=\/wp\/v2\/users\/246"}],"replies":[{"embeddable":true,"href":"https:\/\/diarioregionaldigital.com.br\/index.php?rest_route=%2Fwp%2Fv2%2Fcomments&post=202078"}],"version-history":[{"count":1,"href":"https:\/\/diarioregionaldigital.com.br\/index.php?rest_route=\/wp\/v2\/posts\/202078\/revisions"}],"predecessor-version":[{"id":202080,"href":"https:\/\/diarioregionaldigital.com.br\/index.php?rest_route=\/wp\/v2\/posts\/202078\/revisions\/202080"}],"wp:featuredmedia":[{"embeddable":true,"href":"https:\/\/diarioregionaldigital.com.br\/index.php?rest_route=\/wp\/v2\/media\/202079"}],"wp:attachment":[{"href":"https:\/\/diarioregionaldigital.com.br\/index.php?rest_route=%2Fwp%2Fv2%2Fmedia&parent=202078"}],"wp:term":[{"taxonomy":"category","embeddable":true,"href":"https:\/\/diarioregionaldigital.com.br\/index.php?rest_route=%2Fwp%2Fv2%2Fcategories&post=202078"},{"taxonomy":"post_tag","embeddable":true,"href":"https:\/\/diarioregionaldigital.com.br\/index.php?rest_route=%2Fwp%2Fv2%2Ftags&post=202078"}],"curies":[{"name":"wp","href":"https:\/\/api.w.org\/{rel}","templated":true}]}}