{"id":202074,"date":"2022-07-25T18:25:13","date_gmt":"2022-07-25T21:25:13","guid":{"rendered":"https:\/\/diarioregionaldigital.com.br\/?p=202074"},"modified":"2022-07-25T18:25:13","modified_gmt":"2022-07-25T21:25:13","slug":"projeto-extingue-multa-a-advogado-que-abandona-processo-penal","status":"publish","type":"post","link":"https:\/\/diarioregionaldigital.com.br\/?p=202074","title":{"rendered":"Projeto extingue multa a advogado que abandona processo penal"},"content":{"rendered":"<p>O Projeto de Lei 4727\/20 determina o fim da multa aplicada pela Justi\u00e7a ao advogado que abandona processo penal. O texto substitui a san\u00e7\u00e3o por um processo administrativo na Ordem dos Advogados do Brasil (OAB). J\u00e1 aprovada no Senado, a proposta tramita agora na C\u00e2mara dos Deputados.<\/p>\n<p>O texto \u00e9 de autoria do senador Rodrigo Pacheco (PSD-MG), presidente do Senado.<\/p>\n<p>A reda\u00e7\u00e3o atual do <a href=\"https:\/\/www2.camara.leg.br\/legin\/fed\/declei\/1940-1949\/decreto-lei-3689-3-outubro-1941-322206-norma-pe.html\">C\u00f3digo de Processo Penal (CPP)<\/a> pro\u00edbe o defensor de abandonar o processo, sen\u00e3o por motivo imperioso, comunicado previamente o juiz, sob pena de multa de 10 a 100 sal\u00e1rios m\u00ednimos.<\/p>\n<p>Pacheco afirma que o crit\u00e9rio para aplica\u00e7\u00e3o da multa \u00e9 subjetivo e n\u00e3o garante direito \u00e0 defesa. Ele ressalta ainda que o <a href=\"https:\/\/www2.camara.leg.br\/legin\/fed\/lei\/1994\/lei-8906-4-julho-1994-349751-norma-pl.html\">Estatuto da Advocacia<\/a> confere \u00e0 OAB a responsabilidade por avaliar a conduta de advogados.<\/p>\n<p>&#8220;A comina\u00e7\u00e3o da pena de multa para o defensor que abandone o processo, sem o devido processo legal, gera uma condena\u00e7\u00e3o com presun\u00e7\u00e3o de culpa. Essa negativa \u00e0 garantia do devido processo legal ofende o artigo 5\u00ba da Constitui\u00e7\u00e3o e impulsiona arbitrariedades&#8221;, argumenta o parlamentar.<\/p>\n<p>Assim, caber\u00e1 \u00e0 seccional competente da OAB, mediante processo administrativo instaurado perante seu Tribunal de \u00c9tica e Disciplina, apurar eventual infra\u00e7\u00e3o disciplinar nos termos do Estatuto da Advocacia e da OAB.<\/p>\n<p><strong>Processo penal militar<br \/>\n<\/strong>O projeto insere a mesma regra no <a href=\"https:\/\/www2.camara.leg.br\/legin\/fed\/declei\/1960-1969\/decreto-lei-1002-21-outubro-1969-376259-norma-pe.html\">C\u00f3digo de Processo Penal Militar (CPPM)<\/a>.\u00a0O texto tamb\u00e9m revoga o dispositivo do CPPM que determina a nomea\u00e7\u00e3o obrigat\u00f3ria de advogado de of\u00edcio aos pra\u00e7as, o que n\u00e3o foi recepcionado pela Constitui\u00e7\u00e3o Federal.<\/p>\n<p>Rodrigo Pacheco afirma que os antigos advogados de of\u00edcio, atuais defensores p\u00fablicos federais, devem atuar conforme disposi\u00e7\u00f5es espec\u00edficas de seu estatuto, n\u00e3o sendo mais subordinados \u00e0 Justi\u00e7a Militar.<\/p>\n<p><strong>Tramita\u00e7\u00e3o<br \/>\n<\/strong>O projeto ser\u00e1 analisado inicialmente pela Comiss\u00e3o de Constitui\u00e7\u00e3o e Justi\u00e7a e de Cidadania (CCJ). Em seguida, seguir\u00e1 para o Plen\u00e1rio da C\u00e2mara.<\/p>\n<p>Fonte: Ag\u00eancia C\u00e2mara de Not\u00edcias<\/p>\n","protected":false},"excerpt":{"rendered":"<p>O Projeto de Lei 4727\/20 determina o fim da multa aplicada pela Justi\u00e7a ao advogado que abandona processo penal. O texto substitui a san\u00e7\u00e3o por um processo administrativo na Ordem dos Advogados do Brasil (OAB). J\u00e1 aprovada no Senado, a proposta tramita agora na C\u00e2mara dos Deputados. O texto \u00e9 de autoria do senador Rodrigo [&hellip;]<\/p>\n","protected":false},"author":246,"featured_media":202075,"comment_status":"closed","ping_status":"closed","sticky":false,"template":"","format":"standard","meta":{"footnotes":""},"categories":[436,254,439],"tags":[],"class_list":["post-202074","post","type-post","status-publish","format-standard","has-post-thumbnail","hentry","category-destaque-da-semana","category-politica","category-ultima-hora"],"_links":{"self":[{"href":"https:\/\/diarioregionaldigital.com.br\/index.php?rest_route=\/wp\/v2\/posts\/202074","targetHints":{"allow":["GET"]}}],"collection":[{"href":"https:\/\/diarioregionaldigital.com.br\/index.php?rest_route=\/wp\/v2\/posts"}],"about":[{"href":"https:\/\/diarioregionaldigital.com.br\/index.php?rest_route=\/wp\/v2\/types\/post"}],"author":[{"embeddable":true,"href":"https:\/\/diarioregionaldigital.com.br\/index.php?rest_route=\/wp\/v2\/users\/246"}],"replies":[{"embeddable":true,"href":"https:\/\/diarioregionaldigital.com.br\/index.php?rest_route=%2Fwp%2Fv2%2Fcomments&post=202074"}],"version-history":[{"count":2,"href":"https:\/\/diarioregionaldigital.com.br\/index.php?rest_route=\/wp\/v2\/posts\/202074\/revisions"}],"predecessor-version":[{"id":202077,"href":"https:\/\/diarioregionaldigital.com.br\/index.php?rest_route=\/wp\/v2\/posts\/202074\/revisions\/202077"}],"wp:featuredmedia":[{"embeddable":true,"href":"https:\/\/diarioregionaldigital.com.br\/index.php?rest_route=\/wp\/v2\/media\/202075"}],"wp:attachment":[{"href":"https:\/\/diarioregionaldigital.com.br\/index.php?rest_route=%2Fwp%2Fv2%2Fmedia&parent=202074"}],"wp:term":[{"taxonomy":"category","embeddable":true,"href":"https:\/\/diarioregionaldigital.com.br\/index.php?rest_route=%2Fwp%2Fv2%2Fcategories&post=202074"},{"taxonomy":"post_tag","embeddable":true,"href":"https:\/\/diarioregionaldigital.com.br\/index.php?rest_route=%2Fwp%2Fv2%2Ftags&post=202074"}],"curies":[{"name":"wp","href":"https:\/\/api.w.org\/{rel}","templated":true}]}}