{"id":202068,"date":"2022-07-25T18:14:27","date_gmt":"2022-07-25T21:14:27","guid":{"rendered":"https:\/\/diarioregionaldigital.com.br\/?p=202068"},"modified":"2022-07-25T18:14:27","modified_gmt":"2022-07-25T21:14:27","slug":"numero-de-eleitores-no-exterior-cresce-39-diz-tse","status":"publish","type":"post","link":"https:\/\/diarioregionaldigital.com.br\/?p=202068","title":{"rendered":"N\u00famero de eleitores no exterior cresce 39%, diz TSE"},"content":{"rendered":"<p>O\u00a0<a href=\"https:\/\/agenciabrasil.ebc.com.br\/politica\/noticia\/2022-07\/brasil-tem-1564-milhoes-aptos-votar-nas-eleicoes-de-outubro\" target=\"_blank\" rel=\"noopener\">Brasil<\/a>\u00a0ter\u00e1 39,21% a mais de brasileiros aptos a votar no exterior nas elei\u00e7\u00f5es de outubro.<img decoding=\"async\" src=\"https:\/\/agenciabrasil.ebc.com.br\/ebc.png?id=1472475&amp;o=node\" \/><img decoding=\"async\" src=\"https:\/\/agenciabrasil.ebc.com.br\/ebc.gif?id=1472475&amp;o=node\" \/><\/p>\n<p>De acordo com dados do cadastro eleitoral, 697 mil eleitores poder\u00e3o votar para presidente da Rep\u00fablica e vice, \u00fanica modalidade de vota\u00e7\u00e3o para quem est\u00e1 fora do pa\u00eds. Em 2018, o pa\u00eds tinha 500 mil eleitores nessa situa\u00e7\u00e3o. Os n\u00fameros foram divulgados pelo Tribunal Superior Eleitoral (TSE) no dia 15 de julho.<\/p>\n<p>Conforme o TSE, o cadastro aponta ainda que n\u00famero de eleitores no exterior aumentou 96,81% em rela\u00e7\u00e3o \u00e0s elei\u00e7\u00f5es de 2014, quando 354.184 eleitores estavam aptos.<\/p>\n<p>Entre o total de pessoas aptas para votar fora do pa\u00eds neste ano, 59% s\u00e3o homens. Quanto \u00e0 escolaridade, 42% (292,7 mil) t\u00eam curso superior completo.<\/p>\n<p>Em rela\u00e7\u00e3o \u00e0 idade, 14,41% (100,4 mil) do eleitorado no exterior tem entre 40 a 44 anos. Em seguida, est\u00e1 a faixa et\u00e1ria entre 35 a 39 anos, que corresponde a 14,01% (97.6 mil).<\/p>\n<p>O prazo para pedir para votar no exterior terminou em maio.<\/p>\n<p><span style=\"font-weight: 400;\"><br \/>\n<\/span><span style=\"font-weight: 400;\">Fonte: Ag\u00eancia Brasil <\/span><\/p>\n","protected":false},"excerpt":{"rendered":"<p>O\u00a0Brasil\u00a0ter\u00e1 39,21% a mais de brasileiros aptos a votar no exterior nas elei\u00e7\u00f5es de outubro. De acordo com dados do cadastro eleitoral, 697 mil eleitores poder\u00e3o votar para presidente da Rep\u00fablica e vice, \u00fanica modalidade de vota\u00e7\u00e3o para quem est\u00e1 fora do pa\u00eds. Em 2018, o pa\u00eds tinha 500 mil eleitores nessa situa\u00e7\u00e3o. Os n\u00fameros [&hellip;]<\/p>\n","protected":false},"author":246,"featured_media":202069,"comment_status":"closed","ping_status":"closed","sticky":false,"template":"","format":"standard","meta":{"footnotes":""},"categories":[436,440,254,439],"tags":[],"class_list":["post-202068","post","type-post","status-publish","format-standard","has-post-thumbnail","hentry","category-destaque-da-semana","category-destaques-do-dia","category-politica","category-ultima-hora"],"_links":{"self":[{"href":"https:\/\/diarioregionaldigital.com.br\/index.php?rest_route=\/wp\/v2\/posts\/202068","targetHints":{"allow":["GET"]}}],"collection":[{"href":"https:\/\/diarioregionaldigital.com.br\/index.php?rest_route=\/wp\/v2\/posts"}],"about":[{"href":"https:\/\/diarioregionaldigital.com.br\/index.php?rest_route=\/wp\/v2\/types\/post"}],"author":[{"embeddable":true,"href":"https:\/\/diarioregionaldigital.com.br\/index.php?rest_route=\/wp\/v2\/users\/246"}],"replies":[{"embeddable":true,"href":"https:\/\/diarioregionaldigital.com.br\/index.php?rest_route=%2Fwp%2Fv2%2Fcomments&post=202068"}],"version-history":[{"count":1,"href":"https:\/\/diarioregionaldigital.com.br\/index.php?rest_route=\/wp\/v2\/posts\/202068\/revisions"}],"predecessor-version":[{"id":202070,"href":"https:\/\/diarioregionaldigital.com.br\/index.php?rest_route=\/wp\/v2\/posts\/202068\/revisions\/202070"}],"wp:featuredmedia":[{"embeddable":true,"href":"https:\/\/diarioregionaldigital.com.br\/index.php?rest_route=\/wp\/v2\/media\/202069"}],"wp:attachment":[{"href":"https:\/\/diarioregionaldigital.com.br\/index.php?rest_route=%2Fwp%2Fv2%2Fmedia&parent=202068"}],"wp:term":[{"taxonomy":"category","embeddable":true,"href":"https:\/\/diarioregionaldigital.com.br\/index.php?rest_route=%2Fwp%2Fv2%2Fcategories&post=202068"},{"taxonomy":"post_tag","embeddable":true,"href":"https:\/\/diarioregionaldigital.com.br\/index.php?rest_route=%2Fwp%2Fv2%2Ftags&post=202068"}],"curies":[{"name":"wp","href":"https:\/\/api.w.org\/{rel}","templated":true}]}}