{"id":202065,"date":"2022-07-25T18:02:48","date_gmt":"2022-07-25T21:02:48","guid":{"rendered":"https:\/\/diarioregionaldigital.com.br\/?p=202065"},"modified":"2022-07-25T18:02:48","modified_gmt":"2022-07-25T21:02:48","slug":"inss-comeca-a-pagar-aposentadorias-e-pensoes-de-julho","status":"publish","type":"post","link":"https:\/\/diarioregionaldigital.com.br\/?p=202065","title":{"rendered":"INSS come\u00e7a a pagar aposentadorias e pens\u00f5es de julho"},"content":{"rendered":"<p>O Instituto Nacional do Seguro Social (INSS) come\u00e7ou a pagar,\u00a0hoje\u00a0(25), a aposentadoria ou pens\u00e3o relativa ao m\u00eas\u00a0de julho\u00a0para os benefici\u00e1rios que recebem o correspondente a um sal\u00e1rio m\u00ednimo (R$ 1.212,00) e cujo n\u00famero do cart\u00e3o de benefici\u00e1rio termina com o n\u00famero 1 \u2013 desconsiderado o d\u00edgito verificador, ou seja, o \u00faltimo n\u00famero ap\u00f3s o tra\u00e7o.<img decoding=\"async\" src=\"https:\/\/agenciabrasil.ebc.com.br\/ebc.png?id=1472452&amp;o=node\" \/><img decoding=\"async\" src=\"https:\/\/agenciabrasil.ebc.com.br\/ebc.gif?id=1472452&amp;o=node\" \/><\/p>\n<p>Conforme a tabela de pagamentos anteriormente divulgada pelo instituto, os benef\u00edcios de um sal\u00e1rio m\u00ednimo ser\u00e3o pagos nas pr\u00f3ximas duas semanas, at\u00e9\u00a05 de agosto, conforme o n\u00famero do cart\u00e3o do benefici\u00e1rio. J\u00e1 os benef\u00edcios de quem recebe acima do piso nacional ser\u00e3o liberados entre os dias 1 e\u00a05 de agosto, segundo a ordem prevista na tabela.<\/p>\n<div class=\"dnd-widget-wrapper context-cheio_8colunas type-image\">\n<div class=\"dnd-atom-rendered\">\n<div class=\"shadow overflow-hidden rounded-lg d-block zoom-on-hover-sm shadow-hover w-100\"><img decoding=\"async\" class=\"flex-fill img-cover\" title=\"Divulga\u00e7\u00e3o\/INSS\" src=\"https:\/\/imagens.ebc.com.br\/IlgndT6QJcjyEN5fQyYDHNNx4Yw=\/754x0\/smart\/https:\/\/agenciabrasil.ebc.com.br\/sites\/default\/files\/thumbnails\/image\/calendario_de_pagamento_de_beneficios_do_inss_em_2022.jpg?itok=S91xvdmA\" alt=\"Calend\u00e1rio de pagamento de benef\u00edcios do INSS em 2022\" \/><\/div>\n<\/div>\n<div class=\"dnd-caption-wrapper\">\n<div class=\"meta\">Calend\u00e1rio de pagamento de benef\u00edcios do INSS em 2022 &#8211;\u00a0<strong>Divulga\u00e7\u00e3o\/INSS<\/strong><\/div>\n<\/div>\n<\/div>\n<p>Mais de 36,4 milh\u00f5es de segurados t\u00eam direito a algum benef\u00edcio pago pelo INSS. Al\u00e9m das aposentadorias e pens\u00f5es, tamb\u00e9m os valores pagos a t\u00edtulo de aux\u00edlio-doen\u00e7a ou aux\u00edlio-reclus\u00e3o n\u00e3o podem ser inferiores ao do sal\u00e1rio m\u00ednimo.<\/p>\n<p>Para saber o dia correto do pagamento consultando a tabela do instituto, o segurado precisa checar o n\u00famero do seu benef\u00edcio, composto por um conjunto\u00a0de dez\u00a0d\u00edgitos (por exemplo,\u00a0111.111.112-1). O seu n\u00famero \u00e9 o pen\u00faltimo, ou, no caso do exemplo, o 2. De posse desta informa\u00e7\u00e3o, \u00e9 preciso consultar a tabela, atentando se o valor do benef\u00edcio \u00e9 de um sal\u00e1rio m\u00ednimo ou superior.<\/p>\n<p><span style=\"font-weight: 400;\">Fonte: Ag\u00eancia Brasil\u00a0<\/span><span style=\"font-weight: 400;\"><br \/>\n<\/span><\/p>\n","protected":false},"excerpt":{"rendered":"<p>O Instituto Nacional do Seguro Social (INSS) come\u00e7ou a pagar,\u00a0hoje\u00a0(25), a aposentadoria ou pens\u00e3o relativa ao m\u00eas\u00a0de julho\u00a0para os benefici\u00e1rios que recebem o correspondente a um sal\u00e1rio m\u00ednimo (R$ 1.212,00) e cujo n\u00famero do cart\u00e3o de benefici\u00e1rio termina com o n\u00famero 1 \u2013 desconsiderado o d\u00edgito verificador, ou seja, o \u00faltimo n\u00famero ap\u00f3s o tra\u00e7o. [&hellip;]<\/p>\n","protected":false},"author":246,"featured_media":202066,"comment_status":"closed","ping_status":"closed","sticky":false,"template":"","format":"standard","meta":{"footnotes":""},"categories":[436,261,439],"tags":[],"class_list":["post-202065","post","type-post","status-publish","format-standard","has-post-thumbnail","hentry","category-destaque-da-semana","category-economia","category-ultima-hora"],"_links":{"self":[{"href":"https:\/\/diarioregionaldigital.com.br\/index.php?rest_route=\/wp\/v2\/posts\/202065","targetHints":{"allow":["GET"]}}],"collection":[{"href":"https:\/\/diarioregionaldigital.com.br\/index.php?rest_route=\/wp\/v2\/posts"}],"about":[{"href":"https:\/\/diarioregionaldigital.com.br\/index.php?rest_route=\/wp\/v2\/types\/post"}],"author":[{"embeddable":true,"href":"https:\/\/diarioregionaldigital.com.br\/index.php?rest_route=\/wp\/v2\/users\/246"}],"replies":[{"embeddable":true,"href":"https:\/\/diarioregionaldigital.com.br\/index.php?rest_route=%2Fwp%2Fv2%2Fcomments&post=202065"}],"version-history":[{"count":1,"href":"https:\/\/diarioregionaldigital.com.br\/index.php?rest_route=\/wp\/v2\/posts\/202065\/revisions"}],"predecessor-version":[{"id":202067,"href":"https:\/\/diarioregionaldigital.com.br\/index.php?rest_route=\/wp\/v2\/posts\/202065\/revisions\/202067"}],"wp:featuredmedia":[{"embeddable":true,"href":"https:\/\/diarioregionaldigital.com.br\/index.php?rest_route=\/wp\/v2\/media\/202066"}],"wp:attachment":[{"href":"https:\/\/diarioregionaldigital.com.br\/index.php?rest_route=%2Fwp%2Fv2%2Fmedia&parent=202065"}],"wp:term":[{"taxonomy":"category","embeddable":true,"href":"https:\/\/diarioregionaldigital.com.br\/index.php?rest_route=%2Fwp%2Fv2%2Fcategories&post=202065"},{"taxonomy":"post_tag","embeddable":true,"href":"https:\/\/diarioregionaldigital.com.br\/index.php?rest_route=%2Fwp%2Fv2%2Ftags&post=202065"}],"curies":[{"name":"wp","href":"https:\/\/api.w.org\/{rel}","templated":true}]}}