{"id":202058,"date":"2022-07-25T17:56:03","date_gmt":"2022-07-25T20:56:03","guid":{"rendered":"https:\/\/diarioregionaldigital.com.br\/?p=202058"},"modified":"2022-07-25T17:56:03","modified_gmt":"2022-07-25T20:56:03","slug":"auxilio-para-taxistas-e-caminhoneiros-comeca-a-ser-pago-em-agosto","status":"publish","type":"post","link":"https:\/\/diarioregionaldigital.com.br\/?p=202058","title":{"rendered":"Aux\u00edlio para taxistas e caminhoneiros come\u00e7a a ser pago em agosto"},"content":{"rendered":"<p>Cerca de dez dias ap\u00f3s a promulga\u00e7\u00e3o da emenda constitucional que ampliou benef\u00edcios sociais, o Minist\u00e9rio do Trabalho e Previd\u00eancia divulgou\u00a0<span id=\"OBJ_PREFIX_DWT428_com_zimbra_date\" role=\"link\">hoje<\/span>\u00a0(25) o calend\u00e1rio para o pagamento dos aux\u00edlios a caminhoneiros e taxistas afetados pela alta do pre\u00e7o dos combust\u00edveis. Os benef\u00edcios ser\u00e3o pagos<span id=\"OBJ_PREFIX_DWT429_com_zimbra_date\" role=\"link\">\u00a0de agosto<\/span>\u00a0a dezembro, com a parcela<span id=\"OBJ_PREFIX_DWT430_com_zimbra_date\" role=\"link\">\u00a0de agosto<\/span>\u00a0sendo paga em dobro em rela\u00e7\u00e3o \u00e0s demais parcelas.<img decoding=\"async\" src=\"https:\/\/agenciabrasil.ebc.com.br\/ebc.png?id=1472499&amp;o=node\" \/><img decoding=\"async\" src=\"https:\/\/agenciabrasil.ebc.com.br\/ebc.gif?id=1472499&amp;o=node\" \/><\/p>\n<p>As parcelas<span id=\"OBJ_PREFIX_DWT431_com_zimbra_date\" role=\"link\">\u00a0de julho<\/span>\u00a0e<span id=\"OBJ_PREFIX_DWT432_com_zimbra_date\" role=\"link\">\u00a0de agosto<\/span>\u00a0do Aux\u00edlio Caminhoneiro ser\u00e3o pagas juntas em\u00a0<span id=\"OBJ_PREFIX_DWT433_com_zimbra_date\" role=\"link\">9 de agosto<\/span>, somando R$ 2 mil. As demais parcelas, que ser\u00e3o pagas at\u00e9 dezembro, equivaler\u00e3o a R$ 1 mil. Em rela\u00e7\u00e3o ao Aux\u00edlio Taxista, o limite m\u00e1ximo de cada parcela soma R$ 1 mil, podendo atingir R$ 2 mil em agosto (pagos em datas diferentes no mesmo m\u00eas), mas os valores efetivos depender\u00e3o do n\u00famero de taxistas cadastrados pelas prefeituras. Caso haja mais taxistas cadastrados que o previsto, o valor para cada um ficar\u00e1 menor.<\/p>\n<p>O Aux\u00edlio Taxista come\u00e7ar\u00e1 a ser pago em\u00a0<span id=\"OBJ_PREFIX_DWT434_com_zimbra_date\" role=\"link\">16 de agosto<\/span>. As prefeituras\u00a0<span id=\"OBJ_PREFIX_DWT435_com_zimbra_date\" role=\"link\">ter<\/span>\u00e3o at\u00e9\u00a0<span id=\"OBJ_PREFIX_DWT436_com_zimbra_date\" role=\"link\">domingo<\/span>\u00a0(31) para informar a lista e o n\u00famero de benefici\u00e1rios ao governo federal.<\/p>\n<h2>Confira os calend\u00e1rios para os dois benef\u00edcios<\/h2>\n<h2>Aux\u00edlio Caminhoneiro<\/h2>\n<table border=\"1\" cellspacing=\"0\" cellpadding=\"0\">\n<tbody>\n<tr>\n<td><strong>Parcela<\/strong><\/td>\n<td><strong>Data de pagamento<\/strong><\/td>\n<td><strong>Dados ativos no Minist\u00e9rio da Infraestrutura<\/strong><\/td>\n<\/tr>\n<tr>\n<td>Julho e agosto<\/td>\n<td>9\/8 (valor em dobro)<\/td>\n<td>at\u00e9 22\/7<\/td>\n<\/tr>\n<tr>\n<td>Setembro<\/td>\n<td>24\/9<\/td>\n<td>at\u00e9 11\/9<\/td>\n<\/tr>\n<tr>\n<td>Outubro<\/td>\n<td>22\/10<\/td>\n<td>at\u00e9 9\/10<\/td>\n<\/tr>\n<tr>\n<td>Novembro<\/td>\n<td>26\/11<\/td>\n<td>at\u00e9 13\/11<\/td>\n<\/tr>\n<tr>\n<td>Dezembro<\/td>\n<td>17\/12<\/td>\n<td>at\u00e9 4\/12<\/td>\n<\/tr>\n<\/tbody>\n<\/table>\n<h6>Fonte: Minist\u00e9rio do Trabalho e Previd\u00eancia<\/h6>\n<h2>Aux\u00edlio Taxista<\/h2>\n<table border=\"1\" cellspacing=\"0\" cellpadding=\"0\">\n<tbody>\n<tr>\n<td><strong>Parcela<\/strong><\/td>\n<td><strong>Data de pagamento<\/strong><\/td>\n<td><strong>Dados enviados pela prefeitura<\/strong><\/td>\n<\/tr>\n<tr>\n<td>Julho<\/td>\n<td>16\/8<\/td>\n<td>at\u00e9 31\/7<\/td>\n<\/tr>\n<tr>\n<td>Agosto<\/td>\n<td>30\/8<\/td>\n<td>at\u00e9 15\/8<\/td>\n<\/tr>\n<tr>\n<td>Setembro a dezembro<\/td>\n<td>sem data definida`<\/td>\n<td>at\u00e9 11\/9<\/td>\n<\/tr>\n<\/tbody>\n<\/table>\n<h6>Fonte: Minist\u00e9rio do Trabalho e Previd\u00eancia<\/h6>\n<h2>Quem tem direito?<\/h2>\n<p>Poder\u00e3o receber o Benef\u00edcio Emergencial aos Transportadores Aut\u00f4nomos de Carga (BEm Caminhoneiro) os transportadores de carga aut\u00f4nomos cadastrados at\u00e9\u00a0<span id=\"OBJ_PREFIX_DWT437_com_zimbra_date\" role=\"link\">31 de maio<\/span>\u00a0no Registro Nacional de Transportadores Rodovi\u00e1rios de Cargas (RNTR-C). O cadastro precisa estar ativo, com exig\u00eancia de CPF e Carteira Nacional de Habilita\u00e7\u00e3o v\u00e1lidos.<\/p>\n<p>Cada transportador receber\u00e1 o valor fixo, independentemente da quantidade de ve\u00edculos que possuir. Todos os meses, o Minist\u00e9rio da Infraestrutura repassar\u00e1 ao Minist\u00e9rio do Trabalho e Previd\u00eancia os dados atualizados do RNTR-C.<\/p>\n<p>Em rela\u00e7\u00e3o ao Aux\u00edlio Taxista, ter\u00e3o direito ao benef\u00edcio os motoristas de t\u00e1xi registrados nas prefeituras, titulares de concess\u00f5es ou alvar\u00e1s expedido at\u00e9\u00a0<span id=\"OBJ_PREFIX_DWT438_com_zimbra_date\" role=\"link\">31 de maio<\/span>. N\u00e3o ser\u00e1 necess\u00e1ria qualquer a\u00e7\u00e3o por parte dos taxistas. Em caso de d\u00favidas, o motorista deve entrar em contato com a prefeitura para verificar o cadastro municipal. A presta\u00e7\u00e3o das informa\u00e7\u00f5es caber\u00e1 inteiramente \u00e0s prefeituras (ou ao governo do Distrito Federal, no caso da capital federal).<\/p>\n<h2>Aux\u00edlio Brasil<\/h2>\n<p>O pagamento da parcela<span id=\"OBJ_PREFIX_DWT439_com_zimbra_date\" role=\"link\">\u00a0de agosto<\/span>\u00a0do\u00a0<a href=\"https:\/\/agenciabrasil.ebc.com.br\/economia\/noticia\/2022-07\/governo-antecipa-calendario-do-auxilio-brasil\" target=\"_blank\" rel=\"noopener\">Aux\u00edlio Brasil foi antecipado<\/a>. Tradicionalmente realizado nos dez \u00faltimos dias \u00fateis de cada m\u00eas, o pagamento, que ocorreria entre 18 e\u00a0<span id=\"OBJ_PREFIX_DWT440_com_zimbra_date\" role=\"link\">31 de agosto<\/span>, passou para o intervalo entre 9 e\u00a0<span id=\"OBJ_PREFIX_DWT441_com_zimbra_date\" role=\"link\">22 de agosto<\/span>.<\/p>\n<p>As novas datas foram publicadas no Di\u00e1rio Oficial da Uni\u00e3o de\u00a0<span id=\"OBJ_PREFIX_DWT442_com_zimbra_date\" role=\"link\">hoje<\/span>. Conforme a emenda constitucional promulgada no \u00faltimo dia 14, as parcelas m\u00ednimas ter\u00e3o o valor de R$ 600 at\u00e9 o fim do ano. As datas de pagamento<span id=\"OBJ_PREFIX_DWT443_com_zimbra_date\" role=\"link\">\u00a0de setembro<\/span>, outubro, novembro e dezembro n\u00e3o mudaram. Os benef\u00edcios continuar\u00e3o a ser pagos nos \u00faltimos dez dias \u00fateis de cada m\u00eas.<\/p>\n<p><span style=\"font-weight: 400;\"><br \/>\n<\/span><span style=\"font-weight: 400;\">Fonte: Ag\u00eancia Brasil <\/span><\/p>\n","protected":false},"excerpt":{"rendered":"<p>Cerca de dez dias ap\u00f3s a promulga\u00e7\u00e3o da emenda constitucional que ampliou benef\u00edcios sociais, o Minist\u00e9rio do Trabalho e Previd\u00eancia divulgou\u00a0hoje\u00a0(25) o calend\u00e1rio para o pagamento dos aux\u00edlios a caminhoneiros e taxistas afetados pela alta do pre\u00e7o dos combust\u00edveis. Os benef\u00edcios ser\u00e3o pagos\u00a0de agosto\u00a0a dezembro, com a parcela\u00a0de agosto\u00a0sendo paga em dobro em rela\u00e7\u00e3o \u00e0s [&hellip;]<\/p>\n","protected":false},"author":246,"featured_media":202059,"comment_status":"closed","ping_status":"closed","sticky":false,"template":"","format":"standard","meta":{"footnotes":""},"categories":[436,261,439],"tags":[],"class_list":["post-202058","post","type-post","status-publish","format-standard","has-post-thumbnail","hentry","category-destaque-da-semana","category-economia","category-ultima-hora"],"_links":{"self":[{"href":"https:\/\/diarioregionaldigital.com.br\/index.php?rest_route=\/wp\/v2\/posts\/202058","targetHints":{"allow":["GET"]}}],"collection":[{"href":"https:\/\/diarioregionaldigital.com.br\/index.php?rest_route=\/wp\/v2\/posts"}],"about":[{"href":"https:\/\/diarioregionaldigital.com.br\/index.php?rest_route=\/wp\/v2\/types\/post"}],"author":[{"embeddable":true,"href":"https:\/\/diarioregionaldigital.com.br\/index.php?rest_route=\/wp\/v2\/users\/246"}],"replies":[{"embeddable":true,"href":"https:\/\/diarioregionaldigital.com.br\/index.php?rest_route=%2Fwp%2Fv2%2Fcomments&post=202058"}],"version-history":[{"count":1,"href":"https:\/\/diarioregionaldigital.com.br\/index.php?rest_route=\/wp\/v2\/posts\/202058\/revisions"}],"predecessor-version":[{"id":202060,"href":"https:\/\/diarioregionaldigital.com.br\/index.php?rest_route=\/wp\/v2\/posts\/202058\/revisions\/202060"}],"wp:featuredmedia":[{"embeddable":true,"href":"https:\/\/diarioregionaldigital.com.br\/index.php?rest_route=\/wp\/v2\/media\/202059"}],"wp:attachment":[{"href":"https:\/\/diarioregionaldigital.com.br\/index.php?rest_route=%2Fwp%2Fv2%2Fmedia&parent=202058"}],"wp:term":[{"taxonomy":"category","embeddable":true,"href":"https:\/\/diarioregionaldigital.com.br\/index.php?rest_route=%2Fwp%2Fv2%2Fcategories&post=202058"},{"taxonomy":"post_tag","embeddable":true,"href":"https:\/\/diarioregionaldigital.com.br\/index.php?rest_route=%2Fwp%2Fv2%2Ftags&post=202058"}],"curies":[{"name":"wp","href":"https:\/\/api.w.org\/{rel}","templated":true}]}}