{"id":202055,"date":"2022-07-25T17:54:08","date_gmt":"2022-07-25T20:54:08","guid":{"rendered":"https:\/\/diarioregionaldigital.com.br\/?p=202055"},"modified":"2022-07-25T17:54:08","modified_gmt":"2022-07-25T20:54:08","slug":"conta-de-viagens-internacionais-teve-deficit-de-us-648-milhoes","status":"publish","type":"post","link":"https:\/\/diarioregionaldigital.com.br\/?p=202055","title":{"rendered":"Conta de viagens internacionais teve d\u00e9ficit de US$ 648 milh\u00f5es"},"content":{"rendered":"<p>Os gastos com viagens de brasileiros ao exterior est\u00e3o normalizando, de forma a se aproximarem cada vez mais dos registrados no per\u00edodo anterior \u00e0 pandemia, conforme disse hoje (25) o chefe do Departamento de Estat\u00edsticas do Banco Central, Fernando Rocha.<img decoding=\"async\" src=\"https:\/\/agenciabrasil.ebc.com.br\/ebc.png?id=1472455&amp;o=node\" \/><img decoding=\"async\" src=\"https:\/\/agenciabrasil.ebc.com.br\/ebc.gif?id=1472455&amp;o=node\" \/><\/p>\n<p>Ao detalhar os resultados do setor externo referentes ao m\u00eas de mar\u00e7o, Rocha disse que a conta de viagens internacionais registrou despesas l\u00edquidas de US$ 648 milh\u00f5es no m\u00eas. O n\u00famero \u00e9 bastante superior ao registrado em mar\u00e7o de 2021, quando essas despesas l\u00edquidas\u00a0(gastos de brasileiros maiores que as receitas de estrangeiros) somaram US$ 100 milh\u00f5es.<\/p>\n<p>De acordo com o BC, na mesma base de compara\u00e7\u00e3o &#8211; mar\u00e7o de 2022 com mar\u00e7o de 2021 -, os fluxos brutos de receitas de viagens, que representam os gastos de estrangeiros no Brasil, tiveram expans\u00e3o de\u00a0112,2%, totalizando US$ 453 milh\u00f5es, enquanto as despesas de viagens (gastos de brasileiros no exterior) cresceram 251,8%, somando US$ 1,1 bilh\u00e3o.<\/p>\n<h2>Espa\u00e7o para crescer<\/h2>\n<p>\u201cEsses US$ 648 milh\u00f5es de mar\u00e7o de 2022 [saldo] parecem ter mais espa\u00e7o para crescer, na medida em que forem se normalizando as atividades durante o p\u00f3s-pandemia\u201d, disse Rocha, acrescentando que, com rela\u00e7\u00e3o \u00e0s contas de viagens internacionais, o pa\u00eds \u201cest\u00e1 a caminho da normalidade pr\u00e9-pandemia\u201d. &#8220;Mas ainda n\u00e3o chegamos l\u00e1\u201d, completou.<\/p>\n<p>Ele lembra que essas contas sempre apresentam muita sazonalidade, uma vez que s\u00e3o mais impactadas em per\u00edodo de f\u00e9rias. Ele, no entanto, acrescenta que o pa\u00eds encontra-se em uma \u201csitua\u00e7\u00e3o diferente\u201d, se comparada a queda no d\u00e9ficit com a recente recupera\u00e7\u00e3o.<\/p>\n<p>\u201cEm mar\u00e7o agora, se compararmos o d\u00e9ficit de US$ 648 milh\u00f5es com qualquer m\u00eas da s\u00e9rie para tr\u00e1s, veremos que \u00e9 o maior desde janeiro de 2020\u201d, disse.<\/p>\n<h2>Contas externas<\/h2>\n<p>De acordo com as estat\u00edsticas do setor externo referentes a mar\u00e7o deste ano, as contas externas registraram d\u00e9ficit de US$ 2,8 bilh\u00f5es no m\u00eas. Em mar\u00e7o de 2021, o saldo negativo foi de US$ 5,2 bilh\u00f5es.<\/p>\n<p><a href=\"https:\/\/agenciabrasil.ebc.com.br\/economia\/noticia\/2022-07\/contas-externas-registram-deficit-de-us-28-bilhoes-em-marco\" target=\"_blank\" rel=\"noopener\">As contas externas brasileiras<\/a>\u00a0representam as compras e vendas de mercadorias, servi\u00e7os e transfer\u00eancia de renda na rela\u00e7\u00e3o entre Brasil e outros pa\u00edses.<\/p>\n<p>Ainda segundo as estat\u00edsticas apresentadas hoje, as reservas internacionais do pa\u00eds diminu\u00edram US$ 4,6 bilh\u00f5es em apenas um m\u00eas, entre fevereiro e mar\u00e7o, ficando em US$ 353,2 bilh\u00f5es.<\/p>\n<p><span style=\"font-weight: 400;\">Fonte: Ag\u00eancia Brasil <\/span><\/p>\n","protected":false},"excerpt":{"rendered":"<p>Os gastos com viagens de brasileiros ao exterior est\u00e3o normalizando, de forma a se aproximarem cada vez mais dos registrados no per\u00edodo anterior \u00e0 pandemia, conforme disse hoje (25) o chefe do Departamento de Estat\u00edsticas do Banco Central, Fernando Rocha. Ao detalhar os resultados do setor externo referentes ao m\u00eas de mar\u00e7o, Rocha disse que [&hellip;]<\/p>\n","protected":false},"author":246,"featured_media":202056,"comment_status":"closed","ping_status":"closed","sticky":false,"template":"","format":"standard","meta":{"footnotes":""},"categories":[436,440,261,439],"tags":[],"class_list":["post-202055","post","type-post","status-publish","format-standard","has-post-thumbnail","hentry","category-destaque-da-semana","category-destaques-do-dia","category-economia","category-ultima-hora"],"_links":{"self":[{"href":"https:\/\/diarioregionaldigital.com.br\/index.php?rest_route=\/wp\/v2\/posts\/202055","targetHints":{"allow":["GET"]}}],"collection":[{"href":"https:\/\/diarioregionaldigital.com.br\/index.php?rest_route=\/wp\/v2\/posts"}],"about":[{"href":"https:\/\/diarioregionaldigital.com.br\/index.php?rest_route=\/wp\/v2\/types\/post"}],"author":[{"embeddable":true,"href":"https:\/\/diarioregionaldigital.com.br\/index.php?rest_route=\/wp\/v2\/users\/246"}],"replies":[{"embeddable":true,"href":"https:\/\/diarioregionaldigital.com.br\/index.php?rest_route=%2Fwp%2Fv2%2Fcomments&post=202055"}],"version-history":[{"count":1,"href":"https:\/\/diarioregionaldigital.com.br\/index.php?rest_route=\/wp\/v2\/posts\/202055\/revisions"}],"predecessor-version":[{"id":202057,"href":"https:\/\/diarioregionaldigital.com.br\/index.php?rest_route=\/wp\/v2\/posts\/202055\/revisions\/202057"}],"wp:featuredmedia":[{"embeddable":true,"href":"https:\/\/diarioregionaldigital.com.br\/index.php?rest_route=\/wp\/v2\/media\/202056"}],"wp:attachment":[{"href":"https:\/\/diarioregionaldigital.com.br\/index.php?rest_route=%2Fwp%2Fv2%2Fmedia&parent=202055"}],"wp:term":[{"taxonomy":"category","embeddable":true,"href":"https:\/\/diarioregionaldigital.com.br\/index.php?rest_route=%2Fwp%2Fv2%2Fcategories&post=202055"},{"taxonomy":"post_tag","embeddable":true,"href":"https:\/\/diarioregionaldigital.com.br\/index.php?rest_route=%2Fwp%2Fv2%2Ftags&post=202055"}],"curies":[{"name":"wp","href":"https:\/\/api.w.org\/{rel}","templated":true}]}}