{"id":202048,"date":"2022-07-22T18:22:22","date_gmt":"2022-07-22T21:22:22","guid":{"rendered":"https:\/\/diarioregionaldigital.com.br\/?p=202048"},"modified":"2022-07-22T18:22:22","modified_gmt":"2022-07-22T21:22:22","slug":"operacao-tapa-buracos-da-pjf-atende-23-bairros-nesta-semana","status":"publish","type":"post","link":"https:\/\/diarioregionaldigital.com.br\/?p=202048","title":{"rendered":"Opera\u00e7\u00e3o tapa-buracos da PJF atende 23 bairros nesta semana"},"content":{"rendered":"<p>Segundo informa\u00e7\u00f5es do site da Prefeitura de Juiz de Fora (PJF), entre os dias 15 e 21 de julho, a opera\u00e7\u00e3o tapa-buracos da Prefeitura de Juiz de Fora (PJF) esteve presente em 36 vias, de 23 bairros da cidade. Durante o per\u00edodo foram realizadas cerca de 755 recomposi\u00e7\u00f5es, com m\u00e9dia de 151 por dia, totalizando a aplica\u00e7\u00e3o de mais de 345 toneladas de massa asf\u00e1ltica.<\/p>\n<p>Entre os bairros atendidos, destaque para o Santa Rita, zona leste de Juiz de Fora, onde as equipes da Empresa Municipal de Pavimenta\u00e7\u00e3o e Urbanidades (Empav) realizaram\u00a0 manuten\u00e7\u00e3o em quatro ruas: Jos\u00e9 Luiz Flores, Jos\u00e9 de Castro Ribeiro, Jos\u00e9 Vicente e Ant\u00f4nia Rodrigues Clemente.<\/p>\n<p>J\u00e1 na Vila Ozanan, os trabalhos de recomposi\u00e7\u00e3o foram realizados nas ruas An\u00edbal de Paiva Garcia, Valentim Dilly e Tupinamb\u00e1s.<\/p>\n<p>Outro importante ponto da cidade, a Rua Ot\u00edlia de Souza Leal, no Nova Calif\u00f3rnia, que abriga o Parque Municipal, tamb\u00e9m recebeu reparos. Quem pretende participar do \u2018Arrai\u00e1 da Cidade\u2019, evento que acontece nesta sexta-feira, 22, e s\u00e1bado, 23, j\u00e1 poder\u00e1 notar a diferen\u00e7a de mobilidade na via.<\/p>\n<p>Os trabalhos seguem em andamento nos bairros citados e em outros diversos pontos da cidade. A programa\u00e7\u00e3o completa das atividades realizadas pela Empav pode ser acompanhada diariamente atrav\u00e9s da p\u00e1gina do Gabinete de A\u00e7\u00e3o e Di\u00e1logo Comunit\u00e1rio, pelo\u00a0<a href=\"https:\/\/www.pjf.mg.gov.br\/gabinetecomunitario\/#onde\"><strong>link<\/strong><\/a>.<\/p>\n<p>Todas as a\u00e7\u00f5es de reestrutura\u00e7\u00e3o, urbaniza\u00e7\u00e3o e zeladoria realizadas pela Empav fazem parte do Programa Boniteza. Estes e outros servi\u00e7os podem ser solicitados atrav\u00e9s do Gabinete de A\u00e7\u00e3o e Di\u00e1logo Comunit\u00e1rio, que recebe e organiza pedidos relativos a interven\u00e7\u00f5es e melhorias urbanas. O contato pode ser feito por liga\u00e7\u00e3o telef\u00f4nica, pelo n\u00famero (32) 3690-7241 ou, ainda, via WhatsApp, utilizando o mesmo n\u00famero.<\/p>\n","protected":false},"excerpt":{"rendered":"<p>Segundo informa\u00e7\u00f5es do site da Prefeitura de Juiz de Fora (PJF), entre os dias 15 e 21 de julho, a opera\u00e7\u00e3o tapa-buracos da Prefeitura de Juiz de Fora (PJF) esteve presente em 36 vias, de 23 bairros da cidade. Durante o per\u00edodo foram realizadas cerca de 755 recomposi\u00e7\u00f5es, com m\u00e9dia de 151 por dia, totalizando [&hellip;]<\/p>\n","protected":false},"author":246,"featured_media":202049,"comment_status":"closed","ping_status":"closed","sticky":false,"template":"","format":"standard","meta":{"footnotes":""},"categories":[253,436,439],"tags":[],"class_list":["post-202048","post","type-post","status-publish","format-standard","has-post-thumbnail","hentry","category-cidade","category-destaque-da-semana","category-ultima-hora"],"_links":{"self":[{"href":"https:\/\/diarioregionaldigital.com.br\/index.php?rest_route=\/wp\/v2\/posts\/202048","targetHints":{"allow":["GET"]}}],"collection":[{"href":"https:\/\/diarioregionaldigital.com.br\/index.php?rest_route=\/wp\/v2\/posts"}],"about":[{"href":"https:\/\/diarioregionaldigital.com.br\/index.php?rest_route=\/wp\/v2\/types\/post"}],"author":[{"embeddable":true,"href":"https:\/\/diarioregionaldigital.com.br\/index.php?rest_route=\/wp\/v2\/users\/246"}],"replies":[{"embeddable":true,"href":"https:\/\/diarioregionaldigital.com.br\/index.php?rest_route=%2Fwp%2Fv2%2Fcomments&post=202048"}],"version-history":[{"count":1,"href":"https:\/\/diarioregionaldigital.com.br\/index.php?rest_route=\/wp\/v2\/posts\/202048\/revisions"}],"predecessor-version":[{"id":202050,"href":"https:\/\/diarioregionaldigital.com.br\/index.php?rest_route=\/wp\/v2\/posts\/202048\/revisions\/202050"}],"wp:featuredmedia":[{"embeddable":true,"href":"https:\/\/diarioregionaldigital.com.br\/index.php?rest_route=\/wp\/v2\/media\/202049"}],"wp:attachment":[{"href":"https:\/\/diarioregionaldigital.com.br\/index.php?rest_route=%2Fwp%2Fv2%2Fmedia&parent=202048"}],"wp:term":[{"taxonomy":"category","embeddable":true,"href":"https:\/\/diarioregionaldigital.com.br\/index.php?rest_route=%2Fwp%2Fv2%2Fcategories&post=202048"},{"taxonomy":"post_tag","embeddable":true,"href":"https:\/\/diarioregionaldigital.com.br\/index.php?rest_route=%2Fwp%2Fv2%2Ftags&post=202048"}],"curies":[{"name":"wp","href":"https:\/\/api.w.org\/{rel}","templated":true}]}}