{"id":202045,"date":"2022-07-22T18:20:09","date_gmt":"2022-07-22T21:20:09","guid":{"rendered":"https:\/\/diarioregionaldigital.com.br\/?p=202045"},"modified":"2022-07-22T18:20:39","modified_gmt":"2022-07-22T21:20:39","slug":"prefeitura-informa-que-caso-suspeito-para-variola-dos-macacos-apresentou-resultado-positivo","status":"publish","type":"post","link":"https:\/\/diarioregionaldigital.com.br\/?p=202045","title":{"rendered":"Prefeitura informa que caso suspeito para Var\u00edola dos Macacos apresentou resultado positivo"},"content":{"rendered":"<p>Segundo informa\u00e7\u00f5es do site da Prefeitura de Juiz de Fora (PJF), a PJF informa que o caso suspeito de Monkeypox, Var\u00edola dos Macacos, que se encontrava em investiga\u00e7\u00e3o laboratorial, foi confirmado atrav\u00e9s de exames realizados na Funda\u00e7\u00e3o Ezequiel Dias (Funed).<\/p>\n<p>Trata-se de um caso importado, o paciente segue em isolamento domiciliar, mantendo bom estado geral de sa\u00fade e monitorado pela vigil\u00e2ncia epidemiol\u00f3gica do munic\u00edpio.<br \/>\nRefor\u00e7amos a import\u00e2ncia das medidas de prote\u00e7\u00e3o como uso de m\u00e1scaras, lavagem das m\u00e3os e evitar contato com casos suspeitos e\/ou confirmados.<\/p>\n","protected":false},"excerpt":{"rendered":"<p>Segundo informa\u00e7\u00f5es do site da Prefeitura de Juiz de Fora (PJF), a PJF informa que o caso suspeito de Monkeypox, Var\u00edola dos Macacos, que se encontrava em investiga\u00e7\u00e3o laboratorial, foi confirmado atrav\u00e9s de exames realizados na Funda\u00e7\u00e3o Ezequiel Dias (Funed). Trata-se de um caso importado, o paciente segue em isolamento domiciliar, mantendo bom estado geral [&hellip;]<\/p>\n","protected":false},"author":246,"featured_media":202046,"comment_status":"closed","ping_status":"closed","sticky":false,"template":"","format":"standard","meta":{"footnotes":""},"categories":[253,436,439],"tags":[],"class_list":["post-202045","post","type-post","status-publish","format-standard","has-post-thumbnail","hentry","category-cidade","category-destaque-da-semana","category-ultima-hora"],"_links":{"self":[{"href":"https:\/\/diarioregionaldigital.com.br\/index.php?rest_route=\/wp\/v2\/posts\/202045","targetHints":{"allow":["GET"]}}],"collection":[{"href":"https:\/\/diarioregionaldigital.com.br\/index.php?rest_route=\/wp\/v2\/posts"}],"about":[{"href":"https:\/\/diarioregionaldigital.com.br\/index.php?rest_route=\/wp\/v2\/types\/post"}],"author":[{"embeddable":true,"href":"https:\/\/diarioregionaldigital.com.br\/index.php?rest_route=\/wp\/v2\/users\/246"}],"replies":[{"embeddable":true,"href":"https:\/\/diarioregionaldigital.com.br\/index.php?rest_route=%2Fwp%2Fv2%2Fcomments&post=202045"}],"version-history":[{"count":1,"href":"https:\/\/diarioregionaldigital.com.br\/index.php?rest_route=\/wp\/v2\/posts\/202045\/revisions"}],"predecessor-version":[{"id":202047,"href":"https:\/\/diarioregionaldigital.com.br\/index.php?rest_route=\/wp\/v2\/posts\/202045\/revisions\/202047"}],"wp:featuredmedia":[{"embeddable":true,"href":"https:\/\/diarioregionaldigital.com.br\/index.php?rest_route=\/wp\/v2\/media\/202046"}],"wp:attachment":[{"href":"https:\/\/diarioregionaldigital.com.br\/index.php?rest_route=%2Fwp%2Fv2%2Fmedia&parent=202045"}],"wp:term":[{"taxonomy":"category","embeddable":true,"href":"https:\/\/diarioregionaldigital.com.br\/index.php?rest_route=%2Fwp%2Fv2%2Fcategories&post=202045"},{"taxonomy":"post_tag","embeddable":true,"href":"https:\/\/diarioregionaldigital.com.br\/index.php?rest_route=%2Fwp%2Fv2%2Ftags&post=202045"}],"curies":[{"name":"wp","href":"https:\/\/api.w.org\/{rel}","templated":true}]}}