{"id":202041,"date":"2022-07-22T18:18:27","date_gmt":"2022-07-22T21:18:27","guid":{"rendered":"https:\/\/diarioregionaldigital.com.br\/?p=202041"},"modified":"2022-07-22T18:18:27","modified_gmt":"2022-07-22T21:18:27","slug":"oleo-no-futuro-juiz-de-fora-tera-producao-de-biodiesel-a-partir-da-coleta-de-oleo-de-cozinha-usado","status":"publish","type":"post","link":"https:\/\/diarioregionaldigital.com.br\/?p=202041","title":{"rendered":"\u201c\u00d3leo no Futuro\u201d &#8211; Juiz de Fora ter\u00e1 produ\u00e7\u00e3o de biodiesel a partir da coleta de \u00f3leo de cozinha usado"},"content":{"rendered":"<p>Segundo informa\u00e7\u00f5es do site da Prefeitura de Juiz de Fora (PJF), Juiz de Fora passa a contar com uma alternativa para destina\u00e7\u00e3o correta de \u00f3leo de cozinha usado, reduzindo os impactos ambientais e contribuindo com a preserva\u00e7\u00e3o do planeta para as pr\u00f3ximas gera\u00e7\u00f5es. A campanha \u201c\u00d3leo no Futuro\u201d, lan\u00e7ada nesta sexta-feira, 22, possibilitar\u00e1 a transforma\u00e7\u00e3o de \u00f3leos e gorduras residuais (OGR) utilizados nas resid\u00eancias da cidade em biodiesel, combust\u00edvel renov\u00e1vel que substitui o uso de combust\u00edveis f\u00f3sseis, geradores de gases poluentes.<\/p>\n<p>&nbsp;<\/p>\n<p>Durante o lan\u00e7amento, que contou com a presen\u00e7a de parceiros e imprensa, a prefeita Margarida Salom\u00e3o definiu a iniciativa como uma \u201cparceria inovadora\u201d. \u201cEsperamos atrair investimentos internacionais com a intelig\u00eancia deste arranjo. Em uma ponta, a ci\u00eancia, com a universidade. Na outra, as associa\u00e7\u00f5es de catadores, que reconhecemos como agentes econ\u00f4micos de muita import\u00e2ncia. O interm\u00e9dio da Prefeitura e a parceria da Inglaterra, na dire\u00e7\u00e3o da transforma\u00e7\u00e3o da nossa cidade e pa\u00eds\u201d, destacou.<\/p>\n<p>&nbsp;<\/p>\n<p>Inicialmente, a cidade contar\u00e1 com 18 pontos de coleta para que a popula\u00e7\u00e3o possa fazer o descarte adequado do \u00f3leo usado. A iniciativa \u00e9 da Prefeitura de Juiz de Fora (PJF), da Universidade Federal de Juiz de Fora (UFJF) e da Funda\u00e7\u00e3o de Apoio e Desenvolvimento ao Ensino, Pesquisa e Extens\u00e3o (Fadepe), em parceria com cinco associa\u00e7\u00f5es locais de catadores de materiais recicl\u00e1veis: Associa\u00e7\u00e3o Municipal de Catadores de Papel e Materiais Reaproveit\u00e1veis de Juiz de Fora (Ascajuf); Associa\u00e7\u00e3o dos Catadores de Pap\u00e9is e Res\u00edduos S\u00f3lidos de Juiz de Fora (Apares); Associa\u00e7\u00e3o Lixo Certo (Alicer); Associa\u00e7\u00e3o Deus \u00e9 Maior (Adem); e Associa\u00e7\u00e3o de Catadores Coleta Seletiva JF (Accsjf). Est\u00e3o envolvidas no projeto as secretarias de Desenvolvimento Sustent\u00e1vel e Inclusivo, da Inova\u00e7\u00e3o e Competitividade (Sedic); de Governo (SG); de Sustentabilidade em Meio Ambiente e Atividades Urbanas (Sesmaur); e o Departamento Municipal de Limpeza Urbana (Demlurb).<\/p>\n<p>&nbsp;<\/p>\n<p>Como explica a secret\u00e1ria de Governo, Cidinha Louzada, o envolvimento das associa\u00e7\u00f5es com o projeto \u00e9 resultado do fortalecimento do trabalho dos catadores atrav\u00e9s de di\u00e1logo constante com a PJF. \u201cEstamos trabalhando em parceria com as associa\u00e7\u00f5es e nos reunimos, semanalmente, h\u00e1 mais de um ano. \u00c9 uma constru\u00e7\u00e3o coletiva por oportunidades, melhorias das condi\u00e7\u00f5es de trabalho e valoriza\u00e7\u00e3o da fun\u00e7\u00e3o que desempenham como agentes ambientais. A parceria das associa\u00e7\u00f5es com o projeto \u00d3leo no Futuro \u00e9 mais uma conquista do trabalho coordenado pela Prefeitura de Juiz de Fora, que vai gerar frutos n\u00e3o s\u00f3 para os catadores de materiais recicl\u00e1veis, como tamb\u00e9m para o meio-ambiente. Queremos que a popula\u00e7\u00e3o acolha esse projeto e fa\u00e7a o descarte correto do \u00f3leo de cozinha\u201d, ressalta.<\/p>\n<p>&nbsp;<\/p>\n<p>Membros das cinco associa\u00e7\u00f5es de catadores de materiais recicl\u00e1veis que comp\u00f5em o projeto participaram de curso promovido pela PJF para realizarem o manuseio adequado do \u00f3leo recolhido, respeitando as recomenda\u00e7\u00f5es. Todo o \u00f3leo recolhido ser\u00e1 levado obrigatoriamente para empresas licenciadas ambientalmente, que o transformar\u00e3o em biodiesel.<\/p>\n<p>O presidente da Associa\u00e7\u00e3o Municipal de Catadores de Papel e Materiais Reaproveit\u00e1veis de Juiz de Fora (Ascajuf), Werley Aparecido Pereira dos Santos (Portela), ressaltou a import\u00e2ncia do projeto. \u201cAl\u00e9m de ajudar o meio ambiente e preservar nossos rios, o projeto \u00d3leo no Futuro vai ser fundamental para gerar emprego e renda para os catadores de materiais recicl\u00e1veis do munic\u00edpio\u201d, afirma. \u201cSonhamos muito tempo em participar desse projeto. No futuro, a popula\u00e7\u00e3o vai nos agradecer. Somos privilegiados pela Administra\u00e7\u00e3o, que olha para o futuro. \u00c9 muito emocionante fazer parte\u201d, considera Jos\u00e9 Rubens Rodrigues da Rocha, presidente da Associa\u00e7\u00e3o Lixo Certo.<\/p>\n<p>&nbsp;<\/p>\n<p><strong>Transformando \u00f3leo usado em combust\u00edvel<\/strong><\/p>\n<p>&nbsp;<\/p>\n<p>Atualmente, Juiz de Fora n\u00e3o possui um sistema unificado para o recolhimento de \u00f3leo. Desta forma, grandes produtores de OGR precisam contratar empresas especializadas para fazer o descarte, sendo na maioria das vezes empresas de outras cidades ou estados. Em alguns casos, ocorre ainda o descarte inadequado, devido \u00e0 falta de conscientiza\u00e7\u00e3o da popula\u00e7\u00e3o, o que aumenta a polui\u00e7\u00e3o do solo e da \u00e1gua.<\/p>\n<p>\u201cO \u00f3leo usado tem potencial na produ\u00e7\u00e3o de biocombust\u00edveis e \u00e9 interessante que permane\u00e7a na cidade para ser reciclado, colaborando com o desenvolvimento regional. O biocombust\u00edvel produzido atrav\u00e9s do projeto \u201c\u00d3leo no Futuro\u201d ser\u00e1 utilizado para abastecer ve\u00edculos ou como fonte de energia dentro da pr\u00f3pria cidade, compondo assim um ciclo de reaproveitamento deste res\u00edduo\u201d, explica N\u00edcolas Glanzmann, executor do Projeto Biodiesel. Na primeira etapa, os ve\u00edculos da UFJF e da Empresa Municipal de Pavimenta\u00e7\u00e3o e Urbanidades (Empav) ser\u00e3o beneficiados com o combust\u00edvel renov\u00e1vel.<\/p>\n<p>&nbsp;<\/p>\n<p>O biocombust\u00edvel ser\u00e1 produzido utilizando uma usina de processamento Fuelmatic GSX3, produzida pela Green Fuels e cedida de forma n\u00e3o onerosa pelo Prosperity Fund do governo brit\u00e2nico, instalada no Centro Integrado de Ensino, Pesquisa, Extens\u00e3o, Transfer\u00eancia de Tecnologia e Cultura (Cieptec-UFJF Norte), no Distrito Industrial. A tecnologia \u00e9 capaz de fornecer biodiesel de alta qualidade, com quantidades negligenci\u00e1veis de \u00e1gua, sab\u00f5es e impurezas, j\u00e1 certificado para uso em diversos pa\u00edses.<\/p>\n<p>&nbsp;<\/p>\n<p>O processador Fuelmatic GSX3 tem a capacidade de converter 3 mil litros de \u00f3leo de fritura usado em 3 mil litros de biodiesel por dia. Operando em capacidade m\u00e1xima, e considerando eventuais interrup\u00e7\u00f5es na produ\u00e7\u00e3o para manuten\u00e7\u00e3o, a produ\u00e7\u00e3o pode atingir em torno de um milh\u00e3o de litros anuais de biocombust\u00edvel.<\/p>\n<p>&nbsp;<\/p>\n<p>Para o secret\u00e1rio de Desenvolvimento, Ignacio Delgado, trata-se de uma iniciativa, dentro do Plano de Desenvolvimento Sustent\u00e1vel e Inclusivo de Juiz de Fora, que mira tornar o munic\u00edpio um p\u00f3lo nacional em energias renov\u00e1veis e o importante, al\u00e9m do objetivo de construir uma economia verde, sustent\u00e1vel, que reduza a emiss\u00e3o de carbono na atmosfera, \u00e9, tamb\u00e9m, a articula\u00e7\u00e3o de segmentos variados da economia e da sociedade local e mesmo internacional.<\/p>\n<p>\u201cDe um lado, temos a Greenfuels, uma empresa brit\u00e2nica ligada \u00e0 produ\u00e7\u00e3o de combust\u00edvel verde, junto \u00e0 Prefeitura, UFJF e associa\u00e7\u00f5es de catadores, em um processo que articula segmentos, portanto, muito diversificados da nossa economia e da vida social da cidade. \u00c9, al\u00e9m de uma iniciativa que pode viabilizar um projeto de pesquisa que projeta para um outro futuro no desenvolvimento da cidade, tamb\u00e9m uma a\u00e7\u00e3o educativa, porque a constru\u00e7\u00e3o de uma economia sustent\u00e1vel \u00e9 uma responsabilidade de todos\u201d, afirma.<\/p>\n<p>&nbsp;<\/p>\n<p>O \u201c\u00d3leo no Futuro\u201d contribuir\u00e1 com os 17 Objetivos de Desenvolvimento Sustent\u00e1vel da Organiza\u00e7\u00e3o das Na\u00e7\u00f5es Unidas (ODS), alinhado ao programa \u201cJuiz de Fora 2030\u201d e \u00e0 \u201cPlataforma de Bioquerosene e Renov\u00e1veis da Zona da Mata\u201d.<\/p>\n<p>&nbsp;<\/p>\n<p>\u201cLocalmente, \u00e9 um passo promissor no enfrentamento de nossos dilemas ambientais. Segundo o Sistema de Estimativas de Emiss\u00f5es e Remo\u00e7\u00f5es de Gases de Efeito Estufa (SEEG), do Observat\u00f3rio do Clima, a energia responde por 57% das emiss\u00f5es de CO\u00b2 no munic\u00edpio e, dentro dela, 80% das emiss\u00f5es derivadas do transporte. Dados relevantes que acentuam a compreens\u00e3o e a urg\u00eancia de enfrentarmos de forma articulada estas duas dimens\u00f5es: busca de novas fontes de energia e redesenho de nosso sistema de mobilidade urbana\u201d, explica Ignacio.<\/p>\n<p>&nbsp;<\/p>\n<p>\u201cTemos a miss\u00e3o de levar o conhecimento da Universidade para a sociedade. Hoje, estamos realizando com maestria, de forma com que esse reconhecimento possa trazer transforma\u00e7\u00f5es para a sociedade, com potencial de se modelo para todo o Brasil\u201d, considera o diretor do\u00a0Centro Regional de Inova\u00e7\u00e3o e Transfer\u00eancia de Tecnologia (Critt), da UFJF, Fabr\u00edcio Campos.<\/p>\n<p>&nbsp;<\/p>\n<p><strong>Pontos de coleta<\/strong><\/p>\n<p>&nbsp;<\/p>\n<p>A partir da pr\u00f3xima segunda-feira, 25, a cidade passa a contar com 18 pontos de coleta. Para a entrega, o \u00f3leo de cozinha usado deve ser colocado em garrafa pet bem fechada, para evitar vazamentos.<\/p>\n<p>&nbsp;<\/p>\n<p><strong>Confira, aqui, os pontos de coleta:<\/strong><\/p>\n<p>&nbsp;<\/p>\n<p><strong>Espa\u00e7o Cidade<\/strong><\/p>\n<p>Av. Bar\u00e3o do Rio Branco, 2234 \u2013 Centro,<\/p>\n<p>&nbsp;<\/p>\n<p><strong>Ecopontos<\/strong><\/p>\n<p>Rua Diva Garcia, em frente ao n\u00ba 1.200, Bairro Bom Jardim<\/p>\n<p>Rua Jos\u00e9 Apol\u00f4nio dos Reis, s\/n, em frente ao Est\u00e1dio Municipal, Bairro Aeroporto<\/p>\n<p>Rua Rua Ant\u00f4nio Weitzel, s\/n, em frente ao n\u00famero 710, Bairro Barbosa Lage<\/p>\n<p>Rua Bartolomeu dos Santos, s\/n\u00ba &#8211; S\u00e3o Dami\u00e3o<\/p>\n<p>&nbsp;<\/p>\n<p><strong>Centros de apoio do Demlurb<\/strong><\/p>\n<p>Centro Administrativo Demlurb: Avenida Francisco Valadares, n\u00b0 1000 &#8211; Bairro Vila Ideal<\/p>\n<p>Centro de Apoio Central: Rua Halfeld, n\u00b0 27 \u2013 Centro<\/p>\n<p>Centro de Apoio Sul: Rua Belmiro Braga, n\u00b0 195 &#8211; Alto dos Passos<\/p>\n<p>Centro de Apoio Norte: Av. Juscelino Kubitscheck, n\u00b0 6.170 &#8211; Nova Era\/Benfica<\/p>\n<p>Centro de Apoio &#8211; Coleta Noturna: Rua Paulo de Frontin, n\u00b0 169 &#8211; Centro<\/p>\n<p>&nbsp;<\/p>\n<p><strong>Associa\u00e7\u00f5es<\/strong><\/p>\n<p>ASCAJUF: Rua Tenente Coronel Delfino Nonato de Faria, n\u00b020 &#8211; Santa Tereza<\/p>\n<p>APARES: Rua Lafaiete Loures, n\u00b091 \u2013 Centro<\/p>\n<p>ALICER: Estrada da Remonta, n\u00b0430 &#8211; J\u00f3quei Clube<\/p>\n<p>ADEM: Rua J\u00falio Dion\u00edsio Cardoso &#8211; Distrito Industrial<\/p>\n<p>ACCSJF: Rua Am\u00e9rico Luz &#8211; Manoel Hon\u00f3rio<\/p>\n<p>&nbsp;<\/p>\n<p><strong>Universidade Federal de Juiz de Fora<\/strong><\/p>\n<p>Restaurante Universit\u00e1rio \u2013 Centro &#8211; Rua Santo Ant\u00f4nio, s\/n Ao lado do Museu de Arte Murilo Mendes<\/p>\n<p>Restaurante Universit\u00e1rio \u2013 Campus &#8211; Rua Jos\u00e9 Louren\u00e7o Kelmer, s\/n &#8211; pr\u00f3ximo \u00e0 Faculdade de Engenharia<\/p>\n<p>Reitoria &#8211; Rua Jos\u00e9 Louren\u00e7o Kelmer, Bairro Martelos<\/p>\n","protected":false},"excerpt":{"rendered":"<p>Segundo informa\u00e7\u00f5es do site da Prefeitura de Juiz de Fora (PJF), Juiz de Fora passa a contar com uma alternativa para destina\u00e7\u00e3o correta de \u00f3leo de cozinha usado, reduzindo os impactos ambientais e contribuindo com a preserva\u00e7\u00e3o do planeta para as pr\u00f3ximas gera\u00e7\u00f5es. A campanha \u201c\u00d3leo no Futuro\u201d, lan\u00e7ada nesta sexta-feira, 22, possibilitar\u00e1 a transforma\u00e7\u00e3o [&hellip;]<\/p>\n","protected":false},"author":246,"featured_media":202042,"comment_status":"closed","ping_status":"closed","sticky":false,"template":"","format":"standard","meta":{"footnotes":""},"categories":[253,436,439],"tags":[],"class_list":["post-202041","post","type-post","status-publish","format-standard","has-post-thumbnail","hentry","category-cidade","category-destaque-da-semana","category-ultima-hora"],"_links":{"self":[{"href":"https:\/\/diarioregionaldigital.com.br\/index.php?rest_route=\/wp\/v2\/posts\/202041","targetHints":{"allow":["GET"]}}],"collection":[{"href":"https:\/\/diarioregionaldigital.com.br\/index.php?rest_route=\/wp\/v2\/posts"}],"about":[{"href":"https:\/\/diarioregionaldigital.com.br\/index.php?rest_route=\/wp\/v2\/types\/post"}],"author":[{"embeddable":true,"href":"https:\/\/diarioregionaldigital.com.br\/index.php?rest_route=\/wp\/v2\/users\/246"}],"replies":[{"embeddable":true,"href":"https:\/\/diarioregionaldigital.com.br\/index.php?rest_route=%2Fwp%2Fv2%2Fcomments&post=202041"}],"version-history":[{"count":2,"href":"https:\/\/diarioregionaldigital.com.br\/index.php?rest_route=\/wp\/v2\/posts\/202041\/revisions"}],"predecessor-version":[{"id":202044,"href":"https:\/\/diarioregionaldigital.com.br\/index.php?rest_route=\/wp\/v2\/posts\/202041\/revisions\/202044"}],"wp:featuredmedia":[{"embeddable":true,"href":"https:\/\/diarioregionaldigital.com.br\/index.php?rest_route=\/wp\/v2\/media\/202042"}],"wp:attachment":[{"href":"https:\/\/diarioregionaldigital.com.br\/index.php?rest_route=%2Fwp%2Fv2%2Fmedia&parent=202041"}],"wp:term":[{"taxonomy":"category","embeddable":true,"href":"https:\/\/diarioregionaldigital.com.br\/index.php?rest_route=%2Fwp%2Fv2%2Fcategories&post=202041"},{"taxonomy":"post_tag","embeddable":true,"href":"https:\/\/diarioregionaldigital.com.br\/index.php?rest_route=%2Fwp%2Fv2%2Ftags&post=202041"}],"curies":[{"name":"wp","href":"https:\/\/api.w.org\/{rel}","templated":true}]}}