{"id":202035,"date":"2022-07-22T18:10:44","date_gmt":"2022-07-22T21:10:44","guid":{"rendered":"https:\/\/diarioregionaldigital.com.br\/?p=202035"},"modified":"2022-07-22T18:10:44","modified_gmt":"2022-07-22T21:10:44","slug":"palmeiras-bate-america-mg-e-abre-vantagem-na-ponta-do-brasileiro","status":"publish","type":"post","link":"https:\/\/diarioregionaldigital.com.br\/?p=202035","title":{"rendered":"Palmeiras bate Am\u00e9rica-MG e abre vantagem na ponta do Brasileiro"},"content":{"rendered":"<p>O Palmeiras aproveitou o\u00a0<a href=\"https:\/\/agenciabrasil.ebc.com.br\/esportes\/noticia\/2022-07\/com-gols-nos-acrescimos-atletico-mg-e-cuiaba-empatam-pelo-brasileiro\" target=\"_blank\" rel=\"noopener\">empate do Atl\u00e9tico-MG<\/a>, \u00fanico time que poderia ultrapass\u00e1-lo nesta quinta-feira (21), para disparar na lideran\u00e7a do Campeonato Brasileiro. O Verd\u00e3o superou o Am\u00e9rica-MG por 1 a 0 no Independ\u00eancia, em Belo Horizonte, pela 18\u00aa rodada da competi\u00e7\u00e3o.<img decoding=\"async\" src=\"https:\/\/agenciabrasil.ebc.com.br\/ebc.png?id=1472019&amp;o=node\" \/><img decoding=\"async\" src=\"https:\/\/agenciabrasil.ebc.com.br\/ebc.gif?id=1472019&amp;o=node\" \/><\/p>\n<p>A equipe paulista foi a 36 pontos, quatro a frente de Corinthians e Galo, que empatou por 1 a 1 com o Cuiab\u00e1, na Arena Pantanal, na capital mato-grossense. Com isso, o time de Abel Ferreira garantiu, com uma rodada de anteced\u00eancia, o simb\u00f3lico t\u00edtulo do primeiro turno do Brasileiro. O Coelho, com a derrota, segue com 19 pontos, abrindo a zona de rebaixamento, na 17\u00aa coloca\u00e7\u00e3o.<\/p>\n<p>O primeiro tempo foi equilibrado. O Palmeiras teve a posse da bola por mais tempo (53%), mas o Am\u00e9rica chutou mais vezes (oito a cinco), apesar de cada equipe acertar a meta advers\u00e1ria apenas uma vez. O Verd\u00e3o at\u00e9 balan\u00e7ou as redes, aos 24 minutos, mas o gol de Wesley foi anulado por impedimento do tamb\u00e9m atacante Dudu.<\/p>\n<p>O Alviverde teve o controle das a\u00e7\u00f5es na etapa final. A press\u00e3o deu resultado aos 19 minutos, com Gustavo Scarpa. O meia recebeu pela direita e bateu cruzado, colocado, sem chance para o goleiro Matheus Cavichioli. A equipe visitante ainda teve chances de aumentar a vantagem, com o volante Z\u00e9 Rafael e o estreante atacante Flaco Lopez, duas vezes cada, mas o placar n\u00e3o se alterou mais.<\/p>\n<p>Os dois times voltam a campo neste domingo (24). O Palmeiras joga \u00e0s 16h (hor\u00e1rio de Bras\u00edlia), no Allianz Parque, em S\u00e3o Paulo, contra o Internacional. Em seguida, \u00e0s 18h, o Am\u00e9rica encara o Atl\u00e9tico-GO no Est\u00e1dio Ant\u00f4nio Accioly, em Goi\u00e2nia. As partidas valem pela 19\u00aa rodada, a \u00faltima do primeiro turno do Brasileiro.<\/p>\n<p><span style=\"font-weight: 400;\">Fonte: Ag\u00eancia Brasil <\/span><\/p>\n","protected":false},"excerpt":{"rendered":"<p>O Palmeiras aproveitou o\u00a0empate do Atl\u00e9tico-MG, \u00fanico time que poderia ultrapass\u00e1-lo nesta quinta-feira (21), para disparar na lideran\u00e7a do Campeonato Brasileiro. O Verd\u00e3o superou o Am\u00e9rica-MG por 1 a 0 no Independ\u00eancia, em Belo Horizonte, pela 18\u00aa rodada da competi\u00e7\u00e3o. A equipe paulista foi a 36 pontos, quatro a frente de Corinthians e Galo, que [&hellip;]<\/p>\n","protected":false},"author":246,"featured_media":202036,"comment_status":"closed","ping_status":"closed","sticky":false,"template":"","format":"standard","meta":{"footnotes":""},"categories":[436,257,439],"tags":[],"class_list":["post-202035","post","type-post","status-publish","format-standard","has-post-thumbnail","hentry","category-destaque-da-semana","category-esporte","category-ultima-hora"],"_links":{"self":[{"href":"https:\/\/diarioregionaldigital.com.br\/index.php?rest_route=\/wp\/v2\/posts\/202035","targetHints":{"allow":["GET"]}}],"collection":[{"href":"https:\/\/diarioregionaldigital.com.br\/index.php?rest_route=\/wp\/v2\/posts"}],"about":[{"href":"https:\/\/diarioregionaldigital.com.br\/index.php?rest_route=\/wp\/v2\/types\/post"}],"author":[{"embeddable":true,"href":"https:\/\/diarioregionaldigital.com.br\/index.php?rest_route=\/wp\/v2\/users\/246"}],"replies":[{"embeddable":true,"href":"https:\/\/diarioregionaldigital.com.br\/index.php?rest_route=%2Fwp%2Fv2%2Fcomments&post=202035"}],"version-history":[{"count":1,"href":"https:\/\/diarioregionaldigital.com.br\/index.php?rest_route=\/wp\/v2\/posts\/202035\/revisions"}],"predecessor-version":[{"id":202037,"href":"https:\/\/diarioregionaldigital.com.br\/index.php?rest_route=\/wp\/v2\/posts\/202035\/revisions\/202037"}],"wp:featuredmedia":[{"embeddable":true,"href":"https:\/\/diarioregionaldigital.com.br\/index.php?rest_route=\/wp\/v2\/media\/202036"}],"wp:attachment":[{"href":"https:\/\/diarioregionaldigital.com.br\/index.php?rest_route=%2Fwp%2Fv2%2Fmedia&parent=202035"}],"wp:term":[{"taxonomy":"category","embeddable":true,"href":"https:\/\/diarioregionaldigital.com.br\/index.php?rest_route=%2Fwp%2Fv2%2Fcategories&post=202035"},{"taxonomy":"post_tag","embeddable":true,"href":"https:\/\/diarioregionaldigital.com.br\/index.php?rest_route=%2Fwp%2Fv2%2Ftags&post=202035"}],"curies":[{"name":"wp","href":"https:\/\/api.w.org\/{rel}","templated":true}]}}