{"id":202031,"date":"2022-07-22T18:09:14","date_gmt":"2022-07-22T21:09:14","guid":{"rendered":"https:\/\/diarioregionaldigital.com.br\/?p=202031"},"modified":"2022-07-22T18:09:14","modified_gmt":"2022-07-22T21:09:14","slug":"argentino-el-turco-e-demitido-do-comando-tecnico-do-atletico-mg","status":"publish","type":"post","link":"https:\/\/diarioregionaldigital.com.br\/?p=202031","title":{"rendered":"Argentino El Turco \u00e9 demitido do comando t\u00e9cnico do Atl\u00e9tico-MG"},"content":{"rendered":"<p>O argentino Antonio Mohamed, mais conhecido pelo apelido de El Turco, n\u00e3o \u00e9 mais t\u00e9cnico do Atl\u00e9tico-MG. O clube anunciou a demiss\u00e3o do treinador na manh\u00e3 desta sexta-feira (22), menos de 24 horas ap\u00f3s o empate fora de casa com o Cuiab\u00e1, em 1 a 1, em duelo pela 18\u00aa rodada do Campeonato Brasileiro. O t\u00e9cnico vinha acumulando trope\u00e7os, o principal deles foi a\u00a0<a href=\"https:\/\/agenciabrasil.ebc.com.br\/esportes\/noticia\/2022-07\/arrascaeta-desequilibra-e-flamengo-faz-placar-para-chegar-quartas\">elimina\u00e7\u00e3o para o Flamengo, no jogo de volta das oitavas de final da Copa do Brasil,<\/a>\u00a0h\u00e1 nove dias. No pr\u00f3ximo jogo pelo Brasileir\u00e3o no domingo (24), quem estar\u00e1 \u00e0 beira do gramado ser\u00e1 o auxiliar t\u00e9cnico permanente Lucas Gon\u00e7alves. O Galo, terceiro colocado na tabela, enfrentar\u00e1 o vice-l\u00edder Corinthians, \u00e0s 18h (hor\u00e1rio de Bras\u00edlia), no Est\u00e1dio Mineir\u00e3o, em Belo Horizonte.<img decoding=\"async\" src=\"https:\/\/agenciabrasil.ebc.com.br\/ebc.png?id=1472102&amp;o=node\" \/><img decoding=\"async\" src=\"https:\/\/agenciabrasil.ebc.com.br\/ebc.gif?id=1472102&amp;o=node\" \/><\/p>\n<p>El Turco assumiu o comando do Galo h\u00e1 sete meses. Durante o per\u00edodo conquistou o Campeonato Mineiro e a Supercopa do Brasil. O argentino somou 27 vit\u00f3rias, 13 empates e cinco derrotas, de um total de 45 partidas disputadas. Em nota publicada no Twitter, o clube agradeceu pelos servi\u00e7os prestados pelo treinador e lhe desejou sucesso na carreira.<\/p>\n<p>Al\u00e9m do Brasileir\u00e3o, o Galo segue firme na Copa Libertadores. O clube disputar\u00e1 as quartas de final contra o atual campe\u00e3o Palmeiras, nos dias 3 e 10 de agosto.\u00a0 O primeiro jogo ser\u00e1 no Mineir\u00e3o e o da volta no Allianz Parque, em S\u00e3o Paulo.<\/p>\n<p><span style=\"font-weight: 400;\">Fonte: Ag\u00eancia Brasil <\/span><\/p>\n","protected":false},"excerpt":{"rendered":"<p>O argentino Antonio Mohamed, mais conhecido pelo apelido de El Turco, n\u00e3o \u00e9 mais t\u00e9cnico do Atl\u00e9tico-MG. O clube anunciou a demiss\u00e3o do treinador na manh\u00e3 desta sexta-feira (22), menos de 24 horas ap\u00f3s o empate fora de casa com o Cuiab\u00e1, em 1 a 1, em duelo pela 18\u00aa rodada do Campeonato Brasileiro. O [&hellip;]<\/p>\n","protected":false},"author":246,"featured_media":202032,"comment_status":"closed","ping_status":"closed","sticky":false,"template":"","format":"standard","meta":{"footnotes":""},"categories":[436,257,439],"tags":[],"class_list":["post-202031","post","type-post","status-publish","format-standard","has-post-thumbnail","hentry","category-destaque-da-semana","category-esporte","category-ultima-hora"],"_links":{"self":[{"href":"https:\/\/diarioregionaldigital.com.br\/index.php?rest_route=\/wp\/v2\/posts\/202031","targetHints":{"allow":["GET"]}}],"collection":[{"href":"https:\/\/diarioregionaldigital.com.br\/index.php?rest_route=\/wp\/v2\/posts"}],"about":[{"href":"https:\/\/diarioregionaldigital.com.br\/index.php?rest_route=\/wp\/v2\/types\/post"}],"author":[{"embeddable":true,"href":"https:\/\/diarioregionaldigital.com.br\/index.php?rest_route=\/wp\/v2\/users\/246"}],"replies":[{"embeddable":true,"href":"https:\/\/diarioregionaldigital.com.br\/index.php?rest_route=%2Fwp%2Fv2%2Fcomments&post=202031"}],"version-history":[{"count":2,"href":"https:\/\/diarioregionaldigital.com.br\/index.php?rest_route=\/wp\/v2\/posts\/202031\/revisions"}],"predecessor-version":[{"id":202034,"href":"https:\/\/diarioregionaldigital.com.br\/index.php?rest_route=\/wp\/v2\/posts\/202031\/revisions\/202034"}],"wp:featuredmedia":[{"embeddable":true,"href":"https:\/\/diarioregionaldigital.com.br\/index.php?rest_route=\/wp\/v2\/media\/202032"}],"wp:attachment":[{"href":"https:\/\/diarioregionaldigital.com.br\/index.php?rest_route=%2Fwp%2Fv2%2Fmedia&parent=202031"}],"wp:term":[{"taxonomy":"category","embeddable":true,"href":"https:\/\/diarioregionaldigital.com.br\/index.php?rest_route=%2Fwp%2Fv2%2Fcategories&post=202031"},{"taxonomy":"post_tag","embeddable":true,"href":"https:\/\/diarioregionaldigital.com.br\/index.php?rest_route=%2Fwp%2Fv2%2Ftags&post=202031"}],"curies":[{"name":"wp","href":"https:\/\/api.w.org\/{rel}","templated":true}]}}