{"id":202027,"date":"2022-07-22T18:07:43","date_gmt":"2022-07-22T21:07:43","guid":{"rendered":"https:\/\/diarioregionaldigital.com.br\/?p=202027"},"modified":"2022-07-22T18:07:43","modified_gmt":"2022-07-22T21:07:43","slug":"brasilia-sedia-ate-domingo-campeonato-pan-americano-de-kung-fu","status":"publish","type":"post","link":"https:\/\/diarioregionaldigital.com.br\/?p=202027","title":{"rendered":"Bras\u00edlia sedia at\u00e9 domingo Campeonato Pan-Americano de Kung Fu"},"content":{"rendered":"<p>Come\u00e7a hoje (22) e vai at\u00e9 domingo (24) o 13\u00ba Campeonato Pan-Americano de Wushu, arte marcial chinesa popularmente conhecida como kung fu. A competi\u00e7\u00e3o, realizada pela terceira vez no Brasil, ser\u00e1 no gin\u00e1sio da Associa\u00e7\u00e3o Atl\u00e9tica do Banco do Brasil (AABB), em Bras\u00edlia. As disputas ser\u00e3o nas categorias infantil, infantojuvenil, juvenil e adulto, reunindo atletas com idade entre 6 e 40 anos.<img decoding=\"async\" src=\"https:\/\/agenciabrasil.ebc.com.br\/ebc.png?id=1472107&amp;o=node\" \/><img decoding=\"async\" src=\"https:\/\/agenciabrasil.ebc.com.br\/ebc.gif?id=1472107&amp;o=node\" \/><\/p>\n<p>De acordo com a Confedera\u00e7\u00e3o Brasileira de Kungfu Wushu (CBKW), a capital federal \u00e9 uma \u201crefer\u00eancia para eventos nacionais e internacionais de<em>\u00a0<\/em>wushu\u201d, motivo pelo qual foi escolhida por unanimidade pelas autoridades do desporto, segundo o secret\u00e1rio-geral da entidade, Marcus Vinicius Fernandes.<\/p>\n<p>Bras\u00edlia sediou, em 2018, o Campeonato Mundial J\u00fanior de Wushu, algo at\u00e9 ent\u00e3o in\u00e9dito nas Am\u00e9ricas. Devido ao sucesso do evento, foi decidido, no mesmo ano, que a cidade sediaria a atual edi\u00e7\u00e3o dos jogos \u2013 a primeira competi\u00e7\u00e3o internacional presencial desta modalidade no continente, desde o in\u00edcio da pandemia, em 2020.<\/p>\n<p>Uma novidade no Pan-Americano de Bras\u00edlia ser\u00e1 a categoria de adaptados. Esse incentivo \u00e0 pratica esportiva de forma diversa e inclusiva j\u00e1 foi adotado\u00a0em algumas competi\u00e7\u00f5es nacionais. \u201cTeremos a participa\u00e7\u00e3o de cadeirantes, pessoas com defici\u00eancia visual, amputados e pessoas com s\u00edndrome de Down. No Brasil, a categoria j\u00e1 faz parte dos campeonatos brasileiros desde 2016 e o resultado tem sido admir\u00e1vel\u201d, destaca\u00a0Fernandes.<\/p>\n<p>O Pan-Americano servir\u00e1 tamb\u00e9m de prepara\u00e7\u00e3o e avalia\u00e7\u00e3o dos atletas para o Mundial J\u00fanior, marcado para dezembro, na Indon\u00e9sia. \u201cSer\u00e1 uma oportunidade para as equipes nacionais avaliarem a performance dos atletas e j\u00e1 irem selecionando as equipes\u201d, acrescentou o secret\u00e1rio da CBKW.<\/p>\n<h2>Praticantes e modalidades<\/h2>\n<p>Segundo a confedera\u00e7\u00e3o, h\u00e1 no Brasil cerca de 220 mil praticantes de wushu. Destes, 15 mil s\u00e3o filiados a federa\u00e7\u00f5es estaduais. \u201cPot\u00eancia nas Am\u00e9ricas, o pa\u00eds vem ocupando um lugar de cada vez mais destaque no cen\u00e1rio internacional: nas \u00faltimas quatro edi\u00e7\u00f5es do Campeonato Mundial, conquistou dez medalhas\u201d, informa a CBKW.<\/p>\n<p>A competi\u00e7\u00e3o \u00e9 disputada em duas modalidades: sanda e taolu. A primeira abrange lutas marcadas por \u201ccombates de contato total, fluidos e emocionantes\u201d, de tr\u00eas\u00a0<em>rounds<\/em>\u00a0de dois minutos cada.<\/p>\n<p>J\u00e1 o taolu (conhecido no Brasil como rotina) compreende \u201cum conjunto de t\u00e9cnicas predeterminadas, coreografadas de acordo com princ\u00edpios e filosofias para incorporar ataques e defesas caracter\u00edsticas de um estilo de kung fu\u201d.<\/p>\n<p>A cerim\u00f4nia de abertura ser\u00e1 hoje \u00e0s 13h30, e as competi\u00e7\u00f5es ser\u00e3o nos dias 23 e 24 a partir das 9h. A entrada \u00e9 gratuita.<\/p>\n<p><span style=\"font-weight: 400;\">Fonte: Ag\u00eancia Brasil <\/span><\/p>\n","protected":false},"excerpt":{"rendered":"<p>Come\u00e7a hoje (22) e vai at\u00e9 domingo (24) o 13\u00ba Campeonato Pan-Americano de Wushu, arte marcial chinesa popularmente conhecida como kung fu. A competi\u00e7\u00e3o, realizada pela terceira vez no Brasil, ser\u00e1 no gin\u00e1sio da Associa\u00e7\u00e3o Atl\u00e9tica do Banco do Brasil (AABB), em Bras\u00edlia. As disputas ser\u00e3o nas categorias infantil, infantojuvenil, juvenil e adulto, reunindo atletas [&hellip;]<\/p>\n","protected":false},"author":246,"featured_media":202028,"comment_status":"closed","ping_status":"closed","sticky":false,"template":"","format":"standard","meta":{"footnotes":""},"categories":[436,257,439],"tags":[],"class_list":["post-202027","post","type-post","status-publish","format-standard","has-post-thumbnail","hentry","category-destaque-da-semana","category-esporte","category-ultima-hora"],"_links":{"self":[{"href":"https:\/\/diarioregionaldigital.com.br\/index.php?rest_route=\/wp\/v2\/posts\/202027","targetHints":{"allow":["GET"]}}],"collection":[{"href":"https:\/\/diarioregionaldigital.com.br\/index.php?rest_route=\/wp\/v2\/posts"}],"about":[{"href":"https:\/\/diarioregionaldigital.com.br\/index.php?rest_route=\/wp\/v2\/types\/post"}],"author":[{"embeddable":true,"href":"https:\/\/diarioregionaldigital.com.br\/index.php?rest_route=\/wp\/v2\/users\/246"}],"replies":[{"embeddable":true,"href":"https:\/\/diarioregionaldigital.com.br\/index.php?rest_route=%2Fwp%2Fv2%2Fcomments&post=202027"}],"version-history":[{"count":2,"href":"https:\/\/diarioregionaldigital.com.br\/index.php?rest_route=\/wp\/v2\/posts\/202027\/revisions"}],"predecessor-version":[{"id":202030,"href":"https:\/\/diarioregionaldigital.com.br\/index.php?rest_route=\/wp\/v2\/posts\/202027\/revisions\/202030"}],"wp:featuredmedia":[{"embeddable":true,"href":"https:\/\/diarioregionaldigital.com.br\/index.php?rest_route=\/wp\/v2\/media\/202028"}],"wp:attachment":[{"href":"https:\/\/diarioregionaldigital.com.br\/index.php?rest_route=%2Fwp%2Fv2%2Fmedia&parent=202027"}],"wp:term":[{"taxonomy":"category","embeddable":true,"href":"https:\/\/diarioregionaldigital.com.br\/index.php?rest_route=%2Fwp%2Fv2%2Fcategories&post=202027"},{"taxonomy":"post_tag","embeddable":true,"href":"https:\/\/diarioregionaldigital.com.br\/index.php?rest_route=%2Fwp%2Fv2%2Ftags&post=202027"}],"curies":[{"name":"wp","href":"https:\/\/api.w.org\/{rel}","templated":true}]}}