{"id":202020,"date":"2022-07-22T18:02:48","date_gmt":"2022-07-22T21:02:48","guid":{"rendered":"https:\/\/diarioregionaldigital.com.br\/?p=202020"},"modified":"2022-07-22T18:02:48","modified_gmt":"2022-07-22T21:02:48","slug":"deputados-aprovaram-inclusao-de-regras-para-candidaturas-femininas-na-constituicao","status":"publish","type":"post","link":"https:\/\/diarioregionaldigital.com.br\/?p=202020","title":{"rendered":"Deputados aprovaram inclus\u00e3o de regras para candidaturas femininas na Constitui\u00e7\u00e3o"},"content":{"rendered":"<p><span style=\"font-weight: 400;\">\u00a0Na \u00e1rea pol\u00edtica, a C\u00e2mara dos Deputados aprovou no primeiro semestre deste ano a PEC das candidaturas femininas, j\u00e1 promulgada como Emenda Constitucional 117\/22, para introduzir na Constitui\u00e7\u00e3o regras de leis eleitorais determinando a aplica\u00e7\u00e3o de percentuais m\u00ednimos de recursos do Fundo Partid\u00e1rio nas campanhas de mulheres e em programas voltados \u00e0 sua participa\u00e7\u00e3o na pol\u00edtica.<\/span><\/p>\n<p><span style=\"font-weight: 400;\">O texto, oriundo da Proposta de Emenda \u00e0 Constitui\u00e7\u00e3o 18\/21, do Senado, concede anistia aos partidos pol\u00edticos que n\u00e3o preencheram a cota m\u00ednima de recursos ou que n\u00e3o destinaram os valores m\u00ednimos de sexo e ra\u00e7a em elei\u00e7\u00f5es ocorridas antes da promulga\u00e7\u00e3o da emenda constitucional. Essa anistia envolve san\u00e7\u00f5es de qualquer natureza, inclusive de devolu\u00e7\u00e3o de valores, multa ou suspens\u00e3o de repasses do fundo partid\u00e1rio.<\/span><\/p>\n<p><span style=\"font-weight: 400;\">Relatado na C\u00e2mara pela deputada Margarete Coelho (PP-PI), o texto permite aos partidos usarem em elei\u00e7\u00f5es subsequentes os recursos n\u00e3o aplicados em programas de promo\u00e7\u00e3o e difus\u00e3o da participa\u00e7\u00e3o pol\u00edtica das mulheres, proibindo-se a condena\u00e7\u00e3o pela Justi\u00e7a Eleitoral em processos de presta\u00e7\u00f5es de contas de exerc\u00edcios financeiros anteriores ainda sem julgamento final (transitado em julgado) at\u00e9 a data de promulga\u00e7\u00e3o da emenda.<\/p>\n<p>Fonte: <\/span><span style=\"font-weight: 400;\">Ag\u00eancia C\u00e2mara de Not\u00edcias<\/span><\/p>\n<p>&nbsp;<\/p>\n","protected":false},"excerpt":{"rendered":"<p>\u00a0Na \u00e1rea pol\u00edtica, a C\u00e2mara dos Deputados aprovou no primeiro semestre deste ano a PEC das candidaturas femininas, j\u00e1 promulgada como Emenda Constitucional 117\/22, para introduzir na Constitui\u00e7\u00e3o regras de leis eleitorais determinando a aplica\u00e7\u00e3o de percentuais m\u00ednimos de recursos do Fundo Partid\u00e1rio nas campanhas de mulheres e em programas voltados \u00e0 sua participa\u00e7\u00e3o na [&hellip;]<\/p>\n","protected":false},"author":246,"featured_media":202021,"comment_status":"closed","ping_status":"closed","sticky":false,"template":"","format":"standard","meta":{"footnotes":""},"categories":[436,254,439],"tags":[],"class_list":["post-202020","post","type-post","status-publish","format-standard","has-post-thumbnail","hentry","category-destaque-da-semana","category-politica","category-ultima-hora"],"_links":{"self":[{"href":"https:\/\/diarioregionaldigital.com.br\/index.php?rest_route=\/wp\/v2\/posts\/202020","targetHints":{"allow":["GET"]}}],"collection":[{"href":"https:\/\/diarioregionaldigital.com.br\/index.php?rest_route=\/wp\/v2\/posts"}],"about":[{"href":"https:\/\/diarioregionaldigital.com.br\/index.php?rest_route=\/wp\/v2\/types\/post"}],"author":[{"embeddable":true,"href":"https:\/\/diarioregionaldigital.com.br\/index.php?rest_route=\/wp\/v2\/users\/246"}],"replies":[{"embeddable":true,"href":"https:\/\/diarioregionaldigital.com.br\/index.php?rest_route=%2Fwp%2Fv2%2Fcomments&post=202020"}],"version-history":[{"count":1,"href":"https:\/\/diarioregionaldigital.com.br\/index.php?rest_route=\/wp\/v2\/posts\/202020\/revisions"}],"predecessor-version":[{"id":202022,"href":"https:\/\/diarioregionaldigital.com.br\/index.php?rest_route=\/wp\/v2\/posts\/202020\/revisions\/202022"}],"wp:featuredmedia":[{"embeddable":true,"href":"https:\/\/diarioregionaldigital.com.br\/index.php?rest_route=\/wp\/v2\/media\/202021"}],"wp:attachment":[{"href":"https:\/\/diarioregionaldigital.com.br\/index.php?rest_route=%2Fwp%2Fv2%2Fmedia&parent=202020"}],"wp:term":[{"taxonomy":"category","embeddable":true,"href":"https:\/\/diarioregionaldigital.com.br\/index.php?rest_route=%2Fwp%2Fv2%2Fcategories&post=202020"},{"taxonomy":"post_tag","embeddable":true,"href":"https:\/\/diarioregionaldigital.com.br\/index.php?rest_route=%2Fwp%2Fv2%2Ftags&post=202020"}],"curies":[{"name":"wp","href":"https:\/\/api.w.org\/{rel}","templated":true}]}}