{"id":202016,"date":"2022-07-22T18:00:02","date_gmt":"2022-07-22T21:00:02","guid":{"rendered":"https:\/\/diarioregionaldigital.com.br\/?p=202016"},"modified":"2022-07-22T18:00:02","modified_gmt":"2022-07-22T21:00:02","slug":"grupo-sobre-rol-taxativo-elabora-projeto-que-amplia-cobertura-atual-dos-planos-de-saude","status":"publish","type":"post","link":"https:\/\/diarioregionaldigital.com.br\/?p=202016","title":{"rendered":"Grupo sobre &#8220;rol taxativo&#8221; elabora projeto que amplia cobertura atual dos planos de sa\u00fade"},"content":{"rendered":"<p>Mas o presidente Arthur Lira explicou na \u00faltima sess\u00e3o antes do recesso parlamentar que quer entrar em acordo com o Senado para votar o texto.\u00a0\u201cEssa mat\u00e9ria precisa, pela for\u00e7a que est\u00e1 e pela demanda que tem na sociedade, que n\u00f3s tenhamos esse aceno do Senado Federal, que a gente vote a mat\u00e9ria e eles votem na sequ\u00eancia. Ou no mesmo dia ou no dia seguinte. Sem isso, n\u00f3s n\u00e3o teremos efeito nenhum\u201d, disse Lira.<\/p>\n<p>Arthur Lira foi apoiado pelo deputado <a href=\"https:\/\/www.camara.leg.br\/deputados\/178987\">Orlando Silva (PCdoB-SP)<\/a>.\u00a0\u201cMuitas fam\u00edlias procuram todos os parlamentares aqui, pedindo resposta. E a conclus\u00e3o \u00e9 que o GT indicado por vossa excel\u00eancia produziu resultado, apesar da pol\u00eamica. O resultado poderia ser apreciado pela C\u00e2mara, mas ser\u00e1 apreciado num acordo com o Senado. E assim as fam\u00edlias e todos n\u00f3s podemos nos dirigir ao Senado e apelar aos senadores para que na primeira semana de agosto possamos votar\u201d, disse Silva.<\/p>\n<p>O grupo de trabalho n\u00e3o realizou audi\u00eancias p\u00fablicas, mas, na justificativa do projeto, afirma que ouviu a ANS; e organiza\u00e7\u00f5es da sociedade civil, como o Instituto Nacional de Defesa do Consumidor, a Comunidade Pr\u00f3-Autismo, a Associa\u00e7\u00e3o Brasileira de Linfoma e Leucemia, a Associa\u00e7\u00e3o de Pessoas com Paralisia Cerebral, e o Instituto Lagarta Vira Pupa.<\/p>\n<p>Fonte: Ag\u00eancia C\u00e2mara de Not\u00edcias<\/p>\n","protected":false},"excerpt":{"rendered":"<p>Mas o presidente Arthur Lira explicou na \u00faltima sess\u00e3o antes do recesso parlamentar que quer entrar em acordo com o Senado para votar o texto.\u00a0\u201cEssa mat\u00e9ria precisa, pela for\u00e7a que est\u00e1 e pela demanda que tem na sociedade, que n\u00f3s tenhamos esse aceno do Senado Federal, que a gente vote a mat\u00e9ria e eles votem [&hellip;]<\/p>\n","protected":false},"author":246,"featured_media":202017,"comment_status":"closed","ping_status":"closed","sticky":false,"template":"","format":"standard","meta":{"footnotes":""},"categories":[436,254,439],"tags":[],"class_list":["post-202016","post","type-post","status-publish","format-standard","has-post-thumbnail","hentry","category-destaque-da-semana","category-politica","category-ultima-hora"],"_links":{"self":[{"href":"https:\/\/diarioregionaldigital.com.br\/index.php?rest_route=\/wp\/v2\/posts\/202016","targetHints":{"allow":["GET"]}}],"collection":[{"href":"https:\/\/diarioregionaldigital.com.br\/index.php?rest_route=\/wp\/v2\/posts"}],"about":[{"href":"https:\/\/diarioregionaldigital.com.br\/index.php?rest_route=\/wp\/v2\/types\/post"}],"author":[{"embeddable":true,"href":"https:\/\/diarioregionaldigital.com.br\/index.php?rest_route=\/wp\/v2\/users\/246"}],"replies":[{"embeddable":true,"href":"https:\/\/diarioregionaldigital.com.br\/index.php?rest_route=%2Fwp%2Fv2%2Fcomments&post=202016"}],"version-history":[{"count":2,"href":"https:\/\/diarioregionaldigital.com.br\/index.php?rest_route=\/wp\/v2\/posts\/202016\/revisions"}],"predecessor-version":[{"id":202019,"href":"https:\/\/diarioregionaldigital.com.br\/index.php?rest_route=\/wp\/v2\/posts\/202016\/revisions\/202019"}],"wp:featuredmedia":[{"embeddable":true,"href":"https:\/\/diarioregionaldigital.com.br\/index.php?rest_route=\/wp\/v2\/media\/202017"}],"wp:attachment":[{"href":"https:\/\/diarioregionaldigital.com.br\/index.php?rest_route=%2Fwp%2Fv2%2Fmedia&parent=202016"}],"wp:term":[{"taxonomy":"category","embeddable":true,"href":"https:\/\/diarioregionaldigital.com.br\/index.php?rest_route=%2Fwp%2Fv2%2Fcategories&post=202016"},{"taxonomy":"post_tag","embeddable":true,"href":"https:\/\/diarioregionaldigital.com.br\/index.php?rest_route=%2Fwp%2Fv2%2Ftags&post=202016"}],"curies":[{"name":"wp","href":"https:\/\/api.w.org\/{rel}","templated":true}]}}