{"id":202013,"date":"2022-07-22T17:57:56","date_gmt":"2022-07-22T20:57:56","guid":{"rendered":"https:\/\/diarioregionaldigital.com.br\/?p=202013"},"modified":"2022-07-22T17:57:56","modified_gmt":"2022-07-22T20:57:56","slug":"camara-aprovou-a-criacao-de-programa-habitacional-para-profissionais-da-seguranca-publica","status":"publish","type":"post","link":"https:\/\/diarioregionaldigital.com.br\/?p=202013","title":{"rendered":"C\u00e2mara aprovou a cria\u00e7\u00e3o de programa habitacional para profissionais da seguran\u00e7a p\u00fablica"},"content":{"rendered":"<p>Com a aprova\u00e7\u00e3o da <a href=\"https:\/\/www.camara.leg.br\/noticias\/849696-CAMARA-APROVA-MEDIDA-PROVISORIA-QUE-CRIA-PROGRAMA-HABITACIONAL-PARA-POLICIAIS\">Medida Provis\u00f3ria 1070\/21<\/a>, profissionais da \u00e1rea de seguran\u00e7a p\u00fablica que recebem at\u00e9 R$ 7 mil contar\u00e3o com subs\u00eddio para a compra de casa pr\u00f3pria.\u00a0A mat\u00e9ria, que institui o Programa Nacional de Apoio \u00e0 Aquisi\u00e7\u00e3o de Habita\u00e7\u00e3o para Profissionais da Seguran\u00e7a P\u00fablica (Programa Habite Seguro), foi convertida na <a class=\"linkLegislacao\" href=\"https:\/\/www2.camara.gov.br\/legin\/fed\/lei\/2022\/lei-14312-14-marco-2022-792370-norma-pl.html\">Lei 14.312\/22<\/a>.<\/p>\n<p>Segundo o texto, um <span id=\"4098\" class=\"termoGlossario\" title=\"\" contenteditable=\"false\" data-toggle=\"tooltip\" data-placement=\"top\" data-original-title=\"Nome que se d\u00e1 ao texto que altera substancialmente o conte\u00fado original da proposta. O substitutivo \u00e9 apresentado pelo relator e tem prefer\u00eancia na vota\u00e7\u00e3o sobre o projeto original.\">substitutivo<\/span> do deputado <a href=\"https:\/\/www.camara.leg.br\/deputados\/204514\">Coronel Tadeu (PL-SP)<\/a>, ser\u00e3o usados recursos do Fundo Nacional de Seguran\u00e7a P\u00fablica (FNSP), contemplando os profissionais ativos, da reserva, reformados ou aposentados das carreiras de policial civil, militar, federal, rodovi\u00e1rio federal, penal, bombeiros, agentes penitenci\u00e1rios, peritos e guardas municipais.<\/p>\n<p>Para 2022 e 2023, a estimativa do governo \u00e9 de uso de R$ 100 milh\u00f5es em cada ano para pagar parte das parcelas dos financiamentos que poder\u00e3o ser quitados em at\u00e9 420 meses (35 anos).<\/p>\n<p>O valor m\u00e1ximo do im\u00f3vel a ser financiado ser\u00e1 de R$ 300 mil e o subs\u00eddio varia conforme a faixa de renda, abrangendo ainda a tarifa para contrata\u00e7\u00e3o com valor m\u00e1ximo de R$ 2,1 mil.<\/p>\n<p>A Caixa Econ\u00f4mica Federal ser\u00e1 o agente operador do programa, podendo atuar ainda como agente financeiro (banco que faz o empr\u00e9stimo efetivamente), a exemplo de outras institui\u00e7\u00f5es do sistema financeiro de habita\u00e7\u00e3o.<\/p>\n<p>Fonte: Ag\u00eancia C\u00e2mara de Not\u00edcias<\/p>\n","protected":false},"excerpt":{"rendered":"<p>Com a aprova\u00e7\u00e3o da Medida Provis\u00f3ria 1070\/21, profissionais da \u00e1rea de seguran\u00e7a p\u00fablica que recebem at\u00e9 R$ 7 mil contar\u00e3o com subs\u00eddio para a compra de casa pr\u00f3pria.\u00a0A mat\u00e9ria, que institui o Programa Nacional de Apoio \u00e0 Aquisi\u00e7\u00e3o de Habita\u00e7\u00e3o para Profissionais da Seguran\u00e7a P\u00fablica (Programa Habite Seguro), foi convertida na Lei 14.312\/22. Segundo o [&hellip;]<\/p>\n","protected":false},"author":246,"featured_media":202014,"comment_status":"closed","ping_status":"closed","sticky":false,"template":"","format":"standard","meta":{"footnotes":""},"categories":[436,254,439],"tags":[],"class_list":["post-202013","post","type-post","status-publish","format-standard","has-post-thumbnail","hentry","category-destaque-da-semana","category-politica","category-ultima-hora"],"_links":{"self":[{"href":"https:\/\/diarioregionaldigital.com.br\/index.php?rest_route=\/wp\/v2\/posts\/202013","targetHints":{"allow":["GET"]}}],"collection":[{"href":"https:\/\/diarioregionaldigital.com.br\/index.php?rest_route=\/wp\/v2\/posts"}],"about":[{"href":"https:\/\/diarioregionaldigital.com.br\/index.php?rest_route=\/wp\/v2\/types\/post"}],"author":[{"embeddable":true,"href":"https:\/\/diarioregionaldigital.com.br\/index.php?rest_route=\/wp\/v2\/users\/246"}],"replies":[{"embeddable":true,"href":"https:\/\/diarioregionaldigital.com.br\/index.php?rest_route=%2Fwp%2Fv2%2Fcomments&post=202013"}],"version-history":[{"count":1,"href":"https:\/\/diarioregionaldigital.com.br\/index.php?rest_route=\/wp\/v2\/posts\/202013\/revisions"}],"predecessor-version":[{"id":202015,"href":"https:\/\/diarioregionaldigital.com.br\/index.php?rest_route=\/wp\/v2\/posts\/202013\/revisions\/202015"}],"wp:featuredmedia":[{"embeddable":true,"href":"https:\/\/diarioregionaldigital.com.br\/index.php?rest_route=\/wp\/v2\/media\/202014"}],"wp:attachment":[{"href":"https:\/\/diarioregionaldigital.com.br\/index.php?rest_route=%2Fwp%2Fv2%2Fmedia&parent=202013"}],"wp:term":[{"taxonomy":"category","embeddable":true,"href":"https:\/\/diarioregionaldigital.com.br\/index.php?rest_route=%2Fwp%2Fv2%2Fcategories&post=202013"},{"taxonomy":"post_tag","embeddable":true,"href":"https:\/\/diarioregionaldigital.com.br\/index.php?rest_route=%2Fwp%2Fv2%2Ftags&post=202013"}],"curies":[{"name":"wp","href":"https:\/\/api.w.org\/{rel}","templated":true}]}}