{"id":202010,"date":"2022-07-22T17:55:00","date_gmt":"2022-07-22T20:55:00","guid":{"rendered":"https:\/\/diarioregionaldigital.com.br\/?p=202010"},"modified":"2022-07-22T17:55:00","modified_gmt":"2022-07-22T20:55:00","slug":"tse-cria-grupo-para-tratar-de-combate-a-violencia-nas-eleicoes-de-2022","status":"publish","type":"post","link":"https:\/\/diarioregionaldigital.com.br\/?p=202010","title":{"rendered":"TSE cria grupo para tratar de combate \u00e0 viol\u00eancia nas elei\u00e7\u00f5es de 2022"},"content":{"rendered":"<p>O Tribunal Superior Eleitoral (TSE) instituiu um grupo de trabalho (GT) para tratar de preven\u00e7\u00e3o e combate \u00e0 viol\u00eancia pol\u00edtica nas elei\u00e7\u00f5es de 2022.<img decoding=\"async\" src=\"https:\/\/agenciabrasil.ebc.com.br\/ebc.png?id=1472132&amp;o=node\" \/><img decoding=\"async\" src=\"https:\/\/agenciabrasil.ebc.com.br\/ebc.gif?id=1472132&amp;o=node\" \/><\/p>\n<p>Uma<a href=\"https:\/\/www.tse.jus.br\/++theme++justica_eleitoral\/pdfjs\/web\/viewer.html?file=https:\/\/www.tse.jus.br\/comunicacao\/arquivos\/portaria-no-674-2022\/@@download\/file\/Portaria%20viole%CC%82ncia%20poli%CC%81tica.pdf\" target=\"_blank\" rel=\"noopener\">\u00a0portaria<\/a>\u00a0publicada nesta ter\u00e7a-feira (21) pela Corte diz que o grupo vai elaborar diretrizes para disciplinar a\u00e7\u00f5es voltadas ao tema durante o processo eleitoral deste ano.<\/p>\n<p>Den\u00fancias sobre agress\u00e3o a parlamentares e tamb\u00e9m a jornalistas em diversas localidades do pa\u00eds ser\u00e3o a motiva\u00e7\u00e3o das a\u00e7\u00f5es. De acordo com a assessoria do TSE, at\u00e9 o momento, chegaram ao tribunal 13 of\u00edcios com esse tipo den\u00fancia.<\/p>\n<p>Segundo a assessoria do tribunal, os of\u00edcios foram formulados pelo Senado Federal e pela Secretaria da Mulher da C\u00e2mara dos Deputados e detalham ataques a vereadoras de c\u00e2maras municipais e a membros do PT, do PSOL, do PSDB, da Rede Sustentabilidade e do PSD.<\/p>\n<p>Entre as atribui\u00e7\u00f5es do GT, que ser\u00e1 coordenado pelo corregedor-geral da Justi\u00e7a Eleitoral, ministro Mauro Campbell Marques, est\u00e3o a promo\u00e7\u00e3o de audi\u00eancias p\u00fablicas, de eventos e de atividades que promovam debates sobre a quest\u00e3o. O objetivo \u00e9 subsidiar o diagn\u00f3stico e formula\u00e7\u00e3o de diretrizes adicionais para o pleito.<\/p>\n<p>Entre os atores que devem participar dos debates est\u00e3o representantes de partidos pol\u00edticos, do Conselho Federal da Ordem dos Advogados do Brasil (OAB), do Minist\u00e9rio P\u00fablico Eleitoral (MP Eleitoral) e tamb\u00e9m de entidades da sociedade civil.<\/p>\n<p>Os resultados dos estudos do GT devem ser apresentados em 45 dias.<\/p>\n<p><span style=\"font-weight: 400;\">Fonte: Ag\u00eancia Brasil <\/span><\/p>\n","protected":false},"excerpt":{"rendered":"<p>O Tribunal Superior Eleitoral (TSE) instituiu um grupo de trabalho (GT) para tratar de preven\u00e7\u00e3o e combate \u00e0 viol\u00eancia pol\u00edtica nas elei\u00e7\u00f5es de 2022. Uma\u00a0portaria\u00a0publicada nesta ter\u00e7a-feira (21) pela Corte diz que o grupo vai elaborar diretrizes para disciplinar a\u00e7\u00f5es voltadas ao tema durante o processo eleitoral deste ano. Den\u00fancias sobre agress\u00e3o a parlamentares e [&hellip;]<\/p>\n","protected":false},"author":246,"featured_media":202011,"comment_status":"closed","ping_status":"closed","sticky":false,"template":"","format":"standard","meta":{"footnotes":""},"categories":[436,440,254,439],"tags":[],"class_list":["post-202010","post","type-post","status-publish","format-standard","has-post-thumbnail","hentry","category-destaque-da-semana","category-destaques-do-dia","category-politica","category-ultima-hora"],"_links":{"self":[{"href":"https:\/\/diarioregionaldigital.com.br\/index.php?rest_route=\/wp\/v2\/posts\/202010","targetHints":{"allow":["GET"]}}],"collection":[{"href":"https:\/\/diarioregionaldigital.com.br\/index.php?rest_route=\/wp\/v2\/posts"}],"about":[{"href":"https:\/\/diarioregionaldigital.com.br\/index.php?rest_route=\/wp\/v2\/types\/post"}],"author":[{"embeddable":true,"href":"https:\/\/diarioregionaldigital.com.br\/index.php?rest_route=\/wp\/v2\/users\/246"}],"replies":[{"embeddable":true,"href":"https:\/\/diarioregionaldigital.com.br\/index.php?rest_route=%2Fwp%2Fv2%2Fcomments&post=202010"}],"version-history":[{"count":1,"href":"https:\/\/diarioregionaldigital.com.br\/index.php?rest_route=\/wp\/v2\/posts\/202010\/revisions"}],"predecessor-version":[{"id":202012,"href":"https:\/\/diarioregionaldigital.com.br\/index.php?rest_route=\/wp\/v2\/posts\/202010\/revisions\/202012"}],"wp:featuredmedia":[{"embeddable":true,"href":"https:\/\/diarioregionaldigital.com.br\/index.php?rest_route=\/wp\/v2\/media\/202011"}],"wp:attachment":[{"href":"https:\/\/diarioregionaldigital.com.br\/index.php?rest_route=%2Fwp%2Fv2%2Fmedia&parent=202010"}],"wp:term":[{"taxonomy":"category","embeddable":true,"href":"https:\/\/diarioregionaldigital.com.br\/index.php?rest_route=%2Fwp%2Fv2%2Fcategories&post=202010"},{"taxonomy":"post_tag","embeddable":true,"href":"https:\/\/diarioregionaldigital.com.br\/index.php?rest_route=%2Fwp%2Fv2%2Ftags&post=202010"}],"curies":[{"name":"wp","href":"https:\/\/api.w.org\/{rel}","templated":true}]}}