{"id":202000,"date":"2022-07-22T17:36:51","date_gmt":"2022-07-22T20:36:51","guid":{"rendered":"https:\/\/diarioregionaldigital.com.br\/?p=202000"},"modified":"2022-07-22T17:36:51","modified_gmt":"2022-07-22T20:36:51","slug":"vendas-da-industria-de-alimentos-crescem-374-de-janeiro-a-maio","status":"publish","type":"post","link":"https:\/\/diarioregionaldigital.com.br\/?p=202000","title":{"rendered":"Vendas da ind\u00fastria de alimentos crescem 3,74% de janeiro a maio"},"content":{"rendered":"<p>As vendas reais da ind\u00fastria de alimentos cresceram 3,74% de janeiro a maio e ca\u00edram 1,11% na compara\u00e7\u00e3o com maio de 2021. A produ\u00e7\u00e3o f\u00edsica de alimentos cresceu 0,87% nos \u00faltimos 12 meses e caiu 1,17% em maio na compara\u00e7\u00e3o com o mesmo per\u00edodo do ano anterior.<img decoding=\"async\" src=\"https:\/\/agenciabrasil.ebc.com.br\/ebc.png?id=1472085&amp;o=node\" \/><img decoding=\"async\" src=\"https:\/\/agenciabrasil.ebc.com.br\/ebc.gif?id=1472085&amp;o=node\" \/><\/p>\n<p>Segundo os dados da Pesquisa Conjuntural da Associa\u00e7\u00e3o Brasileira da Ind\u00fastria de Alimentos (Abia), o faturamento chegou a R$ 385,9 bilh\u00f5es nos primeiros cinco meses do ano, o que representa um aumento de 15,4% em rela\u00e7\u00e3o ao mesmo per\u00edodo de 2021.<\/p>\n<p>\u201cNo mercado interno, as vendas v\u00eam apresentando alta no acumulado do ano, apoiado pelo aux\u00edlio governamental e a queda no desemprego. As exporta\u00e7\u00f5es continuaram sendo o principal destaque, puxadas pela alta nos pre\u00e7os internacionais dos alimentos\u201d, disse a entidade.<\/p>\n<p>Em maio, o n\u00famero de pessoas ocupadas na ind\u00fastria de alimentos apresentou crescimento de 1%, em rela\u00e7\u00e3o ao mesmo per\u00edodo de 2021, o que gerou 16,5 mil novos postos de trabalho em compara\u00e7\u00e3o a maio do ano anterior.<\/p>\n<p>O volume das exporta\u00e7\u00f5es apresentou queda de 1,5% de janeiro a maio. Em valores, o com\u00e9rcio de alimentos para o mercado externo totalizou US$ 21,7 bilh\u00f5es nos primeiros cinco meses do ano, valor 29% acima do mesmo per\u00edodo de 2021. Entre os principais produtos exportados, os principais destaques foram as prote\u00ednas animais, com US$ 9,2 bilh\u00f5es (37,9%); farelos, com US$ 4,3 bilh\u00f5es (43,6%); a\u00e7ucares, com US$ 2,9 bilh\u00f5es (-11,2%); \u00f3leos e gorduras, com US$ 1,9 bilh\u00e3o (109,3%).<\/p>\n<p>As importa\u00e7\u00f5es de alimentos industrializados totalizaram US$ 2,7 bilh\u00f5es nos primeiros cinco meses do ano, um aumento de 1,8% acima do mesmo per\u00edodo do ano anterior.<\/p>\n<p>O saldo comercial da balan\u00e7a de alimentos industrializados alcan\u00e7ou US$ 18,9 bilh\u00f5es nos cinco primeiros meses do ano, sendo esse valor US$ 4,8 bilh\u00f5es acima do mesmo per\u00edodo anterior.<\/p>\n<p><span style=\"font-weight: 400;\">Fonte: Ag\u00eancia Brasil <\/span><\/p>\n","protected":false},"excerpt":{"rendered":"<p>As vendas reais da ind\u00fastria de alimentos cresceram 3,74% de janeiro a maio e ca\u00edram 1,11% na compara\u00e7\u00e3o com maio de 2021. A produ\u00e7\u00e3o f\u00edsica de alimentos cresceu 0,87% nos \u00faltimos 12 meses e caiu 1,17% em maio na compara\u00e7\u00e3o com o mesmo per\u00edodo do ano anterior. Segundo os dados da Pesquisa Conjuntural da Associa\u00e7\u00e3o [&hellip;]<\/p>\n","protected":false},"author":246,"featured_media":202001,"comment_status":"closed","ping_status":"closed","sticky":false,"template":"","format":"standard","meta":{"footnotes":""},"categories":[436,261,439],"tags":[],"class_list":["post-202000","post","type-post","status-publish","format-standard","has-post-thumbnail","hentry","category-destaque-da-semana","category-economia","category-ultima-hora"],"_links":{"self":[{"href":"https:\/\/diarioregionaldigital.com.br\/index.php?rest_route=\/wp\/v2\/posts\/202000","targetHints":{"allow":["GET"]}}],"collection":[{"href":"https:\/\/diarioregionaldigital.com.br\/index.php?rest_route=\/wp\/v2\/posts"}],"about":[{"href":"https:\/\/diarioregionaldigital.com.br\/index.php?rest_route=\/wp\/v2\/types\/post"}],"author":[{"embeddable":true,"href":"https:\/\/diarioregionaldigital.com.br\/index.php?rest_route=\/wp\/v2\/users\/246"}],"replies":[{"embeddable":true,"href":"https:\/\/diarioregionaldigital.com.br\/index.php?rest_route=%2Fwp%2Fv2%2Fcomments&post=202000"}],"version-history":[{"count":2,"href":"https:\/\/diarioregionaldigital.com.br\/index.php?rest_route=\/wp\/v2\/posts\/202000\/revisions"}],"predecessor-version":[{"id":202003,"href":"https:\/\/diarioregionaldigital.com.br\/index.php?rest_route=\/wp\/v2\/posts\/202000\/revisions\/202003"}],"wp:featuredmedia":[{"embeddable":true,"href":"https:\/\/diarioregionaldigital.com.br\/index.php?rest_route=\/wp\/v2\/media\/202001"}],"wp:attachment":[{"href":"https:\/\/diarioregionaldigital.com.br\/index.php?rest_route=%2Fwp%2Fv2%2Fmedia&parent=202000"}],"wp:term":[{"taxonomy":"category","embeddable":true,"href":"https:\/\/diarioregionaldigital.com.br\/index.php?rest_route=%2Fwp%2Fv2%2Fcategories&post=202000"},{"taxonomy":"post_tag","embeddable":true,"href":"https:\/\/diarioregionaldigital.com.br\/index.php?rest_route=%2Fwp%2Fv2%2Ftags&post=202000"}],"curies":[{"name":"wp","href":"https:\/\/api.w.org\/{rel}","templated":true}]}}