{"id":201983,"date":"2022-07-22T00:19:01","date_gmt":"2022-07-22T03:19:01","guid":{"rendered":"https:\/\/diarioregionaldigital.com.br\/?p=201983"},"modified":"2022-07-22T00:19:01","modified_gmt":"2022-07-22T03:19:01","slug":"aeroclube-assembleia-extraordinaria-22-07-2022","status":"publish","type":"post","link":"https:\/\/diarioregionaldigital.com.br\/?p=201983","title":{"rendered":"Aeroclube &#8211; Assembleia Extraordin\u00e1ria &#8211; 22\/07\/2022"},"content":{"rendered":"<p style=\"text-align: center;\"><strong>AEROCLUBE DE JUIZ DE FORA<\/strong><\/p>\n<p style=\"text-align: center;\"><strong>ASSEMBLEIA GERAL EXTRAORDIN\u00c1RIA<\/strong><\/p>\n<p style=\"text-align: left;\">\u00a0\u00a0\u00a0\u00a0\u00a0\u00a0 O Aeroclube de Juiz de Fora, com sede nesta cidade, na Av. Prefeito Melo Reis n\u00ba 311, Aeroporto da Serrinha, devidamente representado pelo seu Diretor(a) Presidente(a) <strong>Julia Zanovello Borges<\/strong>, em conformidade com o artigo 14 do Estatuto do Aeroclube de Juiz de Fora, convoca todos os s\u00f3cios em dia com suas <strong>obriga\u00e7\u00f5es Estatut\u00e1rias<\/strong>, para participarem da Assembleia Geral Extraordin\u00e1ria, que ser\u00e1 realizada na sede da entidade no pr\u00f3ximo dia 29 (vinte e nove) de Julho de 2022, \u00e0s 10 (dez) horas em primeira convoca\u00e7\u00e3o, e \u00e0s 11 (onze) horas em segunda convoca\u00e7\u00e3o com qualquer n\u00famero de presentes, no Audit\u00f3rio da Entidade, localizado na Av. Prefeito Mello Reis n\u00ba 311, Aeroporto da Serrinha.<\/p>\n<p><strong>Ordem do dia:<\/strong><\/p>\n<ol>\n<li>Assuntos Administrativos.<\/li>\n<\/ol>\n<p style=\"text-align: center;\">Juiz de Fora, 21 de Julho de 2022<\/p>\n<p style=\"text-align: center;\"><strong>JULIA ZANOVELLO BORGES<\/strong><\/p>\n<p style=\"text-align: center;\"><strong>Presidente do Aeroclube de Juiz de Fora<\/strong><\/p>\n","protected":false},"excerpt":{"rendered":"<p>AEROCLUBE DE JUIZ DE FORA ASSEMBLEIA GERAL EXTRAORDIN\u00c1RIA \u00a0\u00a0\u00a0\u00a0\u00a0\u00a0 O Aeroclube de Juiz de Fora, com sede nesta cidade, na Av. Prefeito Melo Reis n\u00ba 311, Aeroporto da Serrinha, devidamente representado pelo seu Diretor(a) Presidente(a) Julia Zanovello Borges, em conformidade com o artigo 14 do Estatuto do Aeroclube de Juiz de Fora, convoca todos os [&hellip;]<\/p>\n","protected":false},"author":96,"featured_media":0,"comment_status":"closed","ping_status":"closed","sticky":false,"template":"","format":"standard","meta":{"footnotes":""},"categories":[307],"tags":[],"class_list":["post-201983","post","type-post","status-publish","format-standard","hentry","category-editais"],"_links":{"self":[{"href":"https:\/\/diarioregionaldigital.com.br\/index.php?rest_route=\/wp\/v2\/posts\/201983","targetHints":{"allow":["GET"]}}],"collection":[{"href":"https:\/\/diarioregionaldigital.com.br\/index.php?rest_route=\/wp\/v2\/posts"}],"about":[{"href":"https:\/\/diarioregionaldigital.com.br\/index.php?rest_route=\/wp\/v2\/types\/post"}],"author":[{"embeddable":true,"href":"https:\/\/diarioregionaldigital.com.br\/index.php?rest_route=\/wp\/v2\/users\/96"}],"replies":[{"embeddable":true,"href":"https:\/\/diarioregionaldigital.com.br\/index.php?rest_route=%2Fwp%2Fv2%2Fcomments&post=201983"}],"version-history":[{"count":1,"href":"https:\/\/diarioregionaldigital.com.br\/index.php?rest_route=\/wp\/v2\/posts\/201983\/revisions"}],"predecessor-version":[{"id":201984,"href":"https:\/\/diarioregionaldigital.com.br\/index.php?rest_route=\/wp\/v2\/posts\/201983\/revisions\/201984"}],"wp:attachment":[{"href":"https:\/\/diarioregionaldigital.com.br\/index.php?rest_route=%2Fwp%2Fv2%2Fmedia&parent=201983"}],"wp:term":[{"taxonomy":"category","embeddable":true,"href":"https:\/\/diarioregionaldigital.com.br\/index.php?rest_route=%2Fwp%2Fv2%2Fcategories&post=201983"},{"taxonomy":"post_tag","embeddable":true,"href":"https:\/\/diarioregionaldigital.com.br\/index.php?rest_route=%2Fwp%2Fv2%2Ftags&post=201983"}],"curies":[{"name":"wp","href":"https:\/\/api.w.org\/{rel}","templated":true}]}}