{"id":201980,"date":"2022-07-21T20:51:29","date_gmt":"2022-07-21T23:51:29","guid":{"rendered":"https:\/\/diarioregionaldigital.com.br\/?p=201980"},"modified":"2022-07-21T20:51:29","modified_gmt":"2022-07-21T23:51:29","slug":"programa-boniteza-realiza-117-intervencoes-nesta-quinta-21","status":"publish","type":"post","link":"https:\/\/diarioregionaldigital.com.br\/?p=201980","title":{"rendered":"Programa Boniteza realiza 117 interven\u00e7\u00f5es nesta quinta, 21"},"content":{"rendered":"<p>Segundo informa\u00e7\u00f5es do site da Prefeitura de Juiz de Fora (PJF), o\u00a0Programa Boniteza da Prefeitura de Juiz de Fora (PJF) opera em 117 interven\u00e7\u00f5es nesta quinta-feira, 21.<\/p>\n<p>&nbsp;<\/p>\n<p><strong>Obras<\/strong><\/p>\n<p>&nbsp;<\/p>\n<p>Os Departamentos de Opera\u00e7\u00e3o e Manuten\u00e7\u00e3o em Obras (Domo) e de Estradas Vicinais da Secretaria de Obras t\u00eam previstas 18 a\u00e7\u00f5es.<\/p>\n<p>&nbsp;<\/p>\n<p><strong>Interven\u00e7\u00f5es em continuidade:<\/strong><\/p>\n<p>&#8211; Coloca\u00e7\u00e3o de meio fio &#8211; Rua Carneiro da Silva<\/p>\n<p>&#8211; Patrolamento &#8211; Estrada do tira teima &#8211; Sarandira<\/p>\n<p>&#8211; Constru\u00e7\u00e3o de bueiro &#8211; Estrada do tira teima &#8211; Sarandira<\/p>\n<p>&#8211; Patrolamento &#8211; Estrada do goiabal a pernambuco<\/p>\n<p>&#8211; Execu\u00e7\u00e3o de dreno &#8211; Travessa Francisco Cantarino &#8211; Teixeiras<\/p>\n<p>&#8211; Encabe\u00e7amento de bueiro &#8211; Estrada das palmeiras<\/p>\n<p>&#8211; Patrolamento &#8211; Estrada vila almeida &#8211; Linhares<\/p>\n<p>&#8211; Limpeza de sa\u00eddas d&#8217;\u00e1gua &#8211; Estrada da Varginha<\/p>\n<p>&#8211; Coloca\u00e7\u00e3o de grades de concreto &#8211; Avenida Get\u00falio Vargas &#8211; Centro<\/p>\n<p>&#8211; Limpeza de boca de lobo &#8211; Rua S\u00e3o Mateus &#8211; S\u00e3o Mateus<\/p>\n<p>&#8211; Limpeza de boca de lobo &#8211; Rua Padre Jo\u00e3o Em\u00edlio &#8211; S\u00e3o Mateus<\/p>\n<p>&#8211; Patrolamento &#8211; Rua Marciano Pinto &#8211; Sagrado Cora\u00e7\u00e3o de Jesus<\/p>\n<p>&#8211; Limpeza na rua &#8211; Rua Marciano Pinto &#8211; Sagrado Cora\u00e7\u00e3o de Jesus<\/p>\n<p>&nbsp;<\/p>\n<p><strong>Novas interven\u00e7\u00f5es:<\/strong><\/p>\n<p>&nbsp;<\/p>\n<p>&#8211; Corre\u00e7\u00e3o de eros\u00e3o pluvial &#8211; Rua Halfeld &#8211; Centro<\/p>\n<p>&#8211; Execu\u00e7\u00e3o de mureta de prote\u00e7\u00e3o &#8211; Rua Natalino Jos\u00e9 de Paula &#8211; Parque Jardim Burnier<\/p>\n<p>&#8211; Encabe\u00e7amento de bueiro &#8211; Morro da mandioca &#8211; Ros\u00e1rio de Minas<\/p>\n<p>&#8211; Transporte de serragem de bias fortes para atender o torneio leiteiro de torre\u00f5es<\/p>\n<p>&#8211; Desobstru\u00e7\u00e3o de pv pluvial &#8211; Rua Diva Garcia &#8211; Linhares<\/p>\n<p>&nbsp;<\/p>\n<p><strong>Ilumina\u00e7\u00e3o P\u00fablica<\/strong><\/p>\n<p>&nbsp;<\/p>\n<p>O departamento de Ilumina\u00e7\u00e3o P\u00fablica da PJF d\u00e1 continuidade \u00e0s a\u00e7\u00f5es com a previs\u00e3o de trocas de 99 l\u00e2mpadas em todas as regi\u00f5es.<\/p>\n<p>&nbsp;<\/p>\n<p><strong>Teixeiras<\/strong><\/p>\n<p>Rua Maria Eug\u00eania De Rezende<\/p>\n<p>Avenida Pantaleone Arcuri<\/p>\n<p>Av Dr. Deusdedith Salgado<\/p>\n<p>Rua Jesus Raymundo<\/p>\n<p>Rua Professora Elmaia Vaz<\/p>\n<p><strong>Alta Vista<\/strong><\/p>\n<p>Rua Uacaripreto<\/p>\n<p><strong>Ipiranga<\/strong><\/p>\n<p>Rua Jos\u00e9 Afonso Pinheiro<\/p>\n<p>Rua Bady Geara<\/p>\n<p><strong>Graminha<\/strong><\/p>\n<p>Estrada Joaquim Vicente Guedes<\/p>\n<p><strong>S\u00e3o Geraldo<\/strong><\/p>\n<p>Rua Cl\u00f3vis Seroa Da Mota<\/p>\n<p><strong>Santa Luzia<\/strong><\/p>\n<p>Avenida Santa Luzia<\/p>\n<p><strong>Bela Aurora<\/strong><\/p>\n<p>Rua Ol\u00edvia Moreira<\/p>\n<p>Rua Silvino Augusto Moreira<\/p>\n<p><strong>Previdenci\u00e1rios<\/strong><\/p>\n<p>Rua Ant\u00f4nio Bento De Vasconcelos<\/p>\n<p><strong>Arco \u00cdris<\/strong><\/p>\n<p>Rua Walter De Macedo Coimbra<\/p>\n<p><strong>Santa Efig\u00eania<\/strong><\/p>\n<p>Rua Francisco Stefani<\/p>\n<p><strong>Terras Altas<\/strong><\/p>\n<p>Rua C\u00e2ndido Moreira Guedes<\/p>\n<p>Rua Expedicion\u00e1rio Orlindo Ferreira Cristino<\/p>\n<p><strong>Bar\u00e3o Do Retiro<\/strong><\/p>\n<p>Rua Lourdes Do Prato Oliveira<\/p>\n<p>Rua Jose Augusto Araujo<\/p>\n<p>Rua Walfrido Machado Mendon\u00e7a<\/p>\n<p>Rua Doutor Saulo Vilela<\/p>\n<p>Rua Aladin Silva<\/p>\n<p><strong>Retiro<\/strong><\/p>\n<p>Rua Imaculada Conceicao<\/p>\n<p><strong>Granjas Bethel<\/strong><\/p>\n<p>Estrada Uniao E Industria (Ponte Do Zamba)<\/p>\n<p>Estrada Uniao E Industria<\/p>\n<p><strong>Granjeamento Humait\u00e1<\/strong><\/p>\n<p>Rua Servid\u00e3o 6<\/p>\n<p>Rua Servid\u00e3o 4<\/p>\n<p>Rua Servid\u00e3o 7<\/p>\n<p><strong>Toledos<\/strong><\/p>\n<p>Rua Da Torre<\/p>\n<p>Rua Principal<\/p>\n<p>Rua Da Prociss\u00e3o<\/p>\n<p>Rua Joaquim Dorival<\/p>\n<p><strong>Torreoes<\/strong><\/p>\n<p>Rua A Fazendinha Sao Pedro<\/p>\n<p><strong>Goiabal<\/strong><\/p>\n<p>Rua 4<\/p>\n<p><strong>Sarandira<\/strong><\/p>\n<p>Rua Santana<\/p>\n<p>Rua S\u00e3o Francisco<\/p>\n<p><strong>Mascate<\/strong><\/p>\n<p>Rua Principal Rodovia Mg 353<\/p>\n<p><strong>Mg 353<\/strong><\/p>\n<p>Estrada Domingos Hungaro<\/p>\n<p><strong>Caet\u00e9<\/strong><\/p>\n<p>Rua S\u00e3o Gabriel<\/p>\n<p>Rua Dos Can\u00e1rios<\/p>\n<p>Rua Luiz Gonzaga Merotto<\/p>\n<p><strong>Araujo<\/strong><\/p>\n<p>Rua Fel\u00edcio Lima<\/p>\n<p>Rua Maria Eug\u00eania<\/p>\n<p><strong>Cidade Do Sol<\/strong><\/p>\n<p>Rua Ros\u00e1rio Fusco<\/p>\n<p><strong>Francisco Bernardino<\/strong><\/p>\n<p>Rua Abrah\u00e3o Altaf<\/p>\n<p><strong>J\u00f3quei Clube I<\/strong><\/p>\n<p>Rua Venina Da Rocha Almeida<\/p>\n<p>Rua Major Jos\u00e9 Teixeira<\/p>\n<p><strong>Jardim Natal<\/strong><\/p>\n<p>Rua Tenente Lucas Drumont<\/p>\n<p>Rua Bertoldo Braz De Oliveira<\/p>\n<p>&nbsp;<\/p>\n<p><strong>Benfica<\/strong><\/p>\n<p>Rua Bento Goncalves<\/p>\n<p><strong>J\u00f3quei Clube<\/strong><\/p>\n<p>Rua Venina Rocha De Almeida<\/p>\n<p>Rua Major Jos\u00e9 Teixeira<\/p>\n<p><strong>Nova Era Ii<\/strong><\/p>\n<p>Rua Salvador Del Duca<\/p>\n<p><strong>Fontesville Ii<\/strong><\/p>\n<p>Rua Vict\u00f3rio Turola<\/p>\n<p><strong>Igrejinha<\/strong><\/p>\n<p>Avenida Sebastiao Carlos Resende<\/p>\n<p>Rua Jose Dos Anjos<\/p>\n<p>Rua Da Esta\u00e7\u00e3o<\/p>\n<p><strong>Fontesville<\/strong><\/p>\n<p>Rua 2<\/p>\n<p>Av Alameda<\/p>\n<p><strong>Santa Cruz<\/strong><\/p>\n<p>Rua Maria Da Conceicao Marinho<\/p>\n<p><strong>Amaz\u00f4nia<\/strong><\/p>\n<p>Rua Sapucaia<\/p>\n<p><strong>Nova Era<\/strong><\/p>\n<p>Rua Miguel Dion\u00edsio<\/p>\n<p><strong>Santa Maria<\/strong><\/p>\n<p>Rua Onofre Oliveira Salles<\/p>\n<p><strong>Novo Triunfo<\/strong><\/p>\n<p>Rua Maria Carlota Bastos<\/p>\n<p>Rua Jacy De Assis<\/p>\n<p><strong>Milho Branco<\/strong><\/p>\n<p>Rua Danielle Lamarca Pereira<\/p>\n<p><strong>Recanto Da Mata<\/strong><\/p>\n<p>Rua Rosa De F\u00e1tima Dutra<\/p>\n<p><strong>Barreira Do Triunfo<\/strong><\/p>\n<p>Avenida Presidente Juscelino Kubitschek<\/p>\n<p><strong>Dom Bosco<\/strong><\/p>\n<p>Rua Silv\u00e9rio Da Silveira<\/p>\n<p>Rua Jo\u00e3o Beghelli<\/p>\n<p><strong>Granbery<\/strong><\/p>\n<p>Rua Batista De Oliveira<\/p>\n<p><strong>Centro<\/strong><\/p>\n<p>Avenida Presidente Itamar Franco<\/p>\n<p><strong>Parque Guarua<\/strong><\/p>\n<p>Rua Guarara<\/p>\n<p><strong>Paineiras<\/strong><\/p>\n<p>Rua Redentor<\/p>\n<p><strong>Democrata<\/strong><\/p>\n<p>Acesso Ao Hospital Militar<\/p>\n<p>&nbsp;<\/p>\n<p><strong>Gabinete de A\u00e7\u00e3o e Di\u00e1logo Comunit\u00e1rio<\/strong><\/p>\n<p>As a\u00e7\u00f5es da Secretaria de Obras s\u00e3o realizadas atrav\u00e9s do Gabinete de A\u00e7\u00e3o e Di\u00e1logo Comunit\u00e1rio, que recebe demandas de melhorias urbanas pelo n\u00famero (32) 3690-7241, por liga\u00e7\u00e3o ou WhatsApp.<\/p>\n<p>No\u00a0<a href=\"https:\/\/www.pjf.mg.gov.br\/gabinetecomunitario\/\"><strong>site do gabinete<\/strong><\/a>, est\u00e3o dispon\u00edveis informa\u00e7\u00f5es atualizadas\u00a0 diariamente sobre os servi\u00e7os realizados pelas secretarias de Obras (SO); de Sustentabilidade em Meio Ambiente e Atividades Urbanas (Sesmaur); de Mobilidade Urbana (SMU); e pela\u00a0 Empresa Municipal de Pavimenta\u00e7\u00e3o e Urbaniza\u00e7\u00e3o (Empav); Departamento Municipal de Limpeza Urbana (Demlurb); e Companhia de Saneamento Municipal (Cesama).<\/p>\n","protected":false},"excerpt":{"rendered":"<p>Segundo informa\u00e7\u00f5es do site da Prefeitura de Juiz de Fora (PJF), o\u00a0Programa Boniteza da Prefeitura de Juiz de Fora (PJF) opera em 117 interven\u00e7\u00f5es nesta quinta-feira, 21. &nbsp; Obras &nbsp; Os Departamentos de Opera\u00e7\u00e3o e Manuten\u00e7\u00e3o em Obras (Domo) e de Estradas Vicinais da Secretaria de Obras t\u00eam previstas 18 a\u00e7\u00f5es. &nbsp; Interven\u00e7\u00f5es em continuidade: [&hellip;]<\/p>\n","protected":false},"author":246,"featured_media":201981,"comment_status":"closed","ping_status":"closed","sticky":false,"template":"","format":"standard","meta":{"footnotes":""},"categories":[253,436,439],"tags":[],"class_list":["post-201980","post","type-post","status-publish","format-standard","has-post-thumbnail","hentry","category-cidade","category-destaque-da-semana","category-ultima-hora"],"_links":{"self":[{"href":"https:\/\/diarioregionaldigital.com.br\/index.php?rest_route=\/wp\/v2\/posts\/201980","targetHints":{"allow":["GET"]}}],"collection":[{"href":"https:\/\/diarioregionaldigital.com.br\/index.php?rest_route=\/wp\/v2\/posts"}],"about":[{"href":"https:\/\/diarioregionaldigital.com.br\/index.php?rest_route=\/wp\/v2\/types\/post"}],"author":[{"embeddable":true,"href":"https:\/\/diarioregionaldigital.com.br\/index.php?rest_route=\/wp\/v2\/users\/246"}],"replies":[{"embeddable":true,"href":"https:\/\/diarioregionaldigital.com.br\/index.php?rest_route=%2Fwp%2Fv2%2Fcomments&post=201980"}],"version-history":[{"count":1,"href":"https:\/\/diarioregionaldigital.com.br\/index.php?rest_route=\/wp\/v2\/posts\/201980\/revisions"}],"predecessor-version":[{"id":201982,"href":"https:\/\/diarioregionaldigital.com.br\/index.php?rest_route=\/wp\/v2\/posts\/201980\/revisions\/201982"}],"wp:featuredmedia":[{"embeddable":true,"href":"https:\/\/diarioregionaldigital.com.br\/index.php?rest_route=\/wp\/v2\/media\/201981"}],"wp:attachment":[{"href":"https:\/\/diarioregionaldigital.com.br\/index.php?rest_route=%2Fwp%2Fv2%2Fmedia&parent=201980"}],"wp:term":[{"taxonomy":"category","embeddable":true,"href":"https:\/\/diarioregionaldigital.com.br\/index.php?rest_route=%2Fwp%2Fv2%2Fcategories&post=201980"},{"taxonomy":"post_tag","embeddable":true,"href":"https:\/\/diarioregionaldigital.com.br\/index.php?rest_route=%2Fwp%2Fv2%2Ftags&post=201980"}],"curies":[{"name":"wp","href":"https:\/\/api.w.org\/{rel}","templated":true}]}}