{"id":201977,"date":"2022-07-21T20:49:12","date_gmt":"2022-07-21T23:49:12","guid":{"rendered":"https:\/\/diarioregionaldigital.com.br\/?p=201977"},"modified":"2022-07-21T20:49:12","modified_gmt":"2022-07-21T23:49:12","slug":"prefeitura-otimiza-trabalho-dos-catadores-com-emprestimo-de-carretinhas","status":"publish","type":"post","link":"https:\/\/diarioregionaldigital.com.br\/?p=201977","title":{"rendered":"Prefeitura otimiza trabalho dos catadores com empr\u00e9stimo de carretinhas"},"content":{"rendered":"<p>Segundo informa\u00e7\u00f5es do site da Prefeitura de Juiz de Fora (PJF), a\u00a0Prefeitura de Juiz de Fora (PJF) deu mais um passo nas a\u00e7\u00f5es de valoriza\u00e7\u00e3o dos catadores de recicl\u00e1veis da cidade. Semanalmente, s\u00e3o organizadas reuni\u00f5es pela secret\u00e1ria de Governo, Cidinha Louzada, juntamente com a Secretaria Especial de Direito Humanos (SEDH), o Departamento Municipal de Limpeza Urbana (Demlurb) e representantes das associa\u00e7\u00f5es de catadores. Nesta quarta-feira, 20, durante o encontro, foi assinado o &#8220;Termo de Empr\u00e9stimo de Bens Permanente\u201d, concedendo para cada uma das associa\u00e7\u00f5es o empr\u00e9stimo de uma carretinha (reboque) para otimizar o transporte dos materiais coletados.<br \/>\nOs cinco equipamentos pertencentes ao Demlurb, que se tornaram sem uso para o servi\u00e7o operacional, foram emprestados para as associa\u00e7\u00f5es e, agora, servir\u00e3o para facilitar o trabalho dos catadores. A entrega foi realizada pela diretoria do Demlurb, pelas secretarias de Governo (SG) e Direitos Humanos (SEDH) aos representantes das cinco associa\u00e7\u00f5es parceiras da PJF: Associa\u00e7\u00e3o Lixo Certo (Alicer), Associa\u00e7\u00e3o dos Catadores de Pap\u00e9is e Res\u00edduos S\u00f3lidos de Juiz de Fora (Apares), Associa\u00e7\u00e3o Municipal de Catadores de Papel e Materiais Reaproveit\u00e1veis de Juiz de Fora (Ascajuf), da Associa\u00e7\u00e3o Deus \u00e9 Maior (Adem) e da Coleta Seletiva \u2013 JF.<br \/>\nA gestora Ambiental do Demlurb, Rosilene Lopes, reitera que \u201cesse apoio do poder p\u00fablico municipal \u00e9 de fundamental import\u00e2ncia para o fortalecimento das associa\u00e7\u00f5es e traz um impacto positivo na vida de cada catador envolvido no processo de cata\u00e7\u00e3o. Eles que s\u00e3o propulsores da coleta seletiva\u201d.<br \/>\nO representante da Alicer, Jos\u00e9 Rubens Rodrigues da Rocha \u201cOl\u00e1\u201d, ressalta que \u201cnas reuni\u00f5es semanais realizadas na Prefeitura, t\u00eam surgido v\u00e1rios projetos para os catadores, sendo um deles o empr\u00e9stimo dessas carretinhas\u201d.<br \/>\nO presidente da Ascajuf, Werley Aparecido Pereira dos Santos &#8220;Portela&#8221;, afirma que os reboques v\u00e3o contribuir bastante com a coleta seletiva. \u201cEu tenho as minhas rotas e costumo fazer duas a tr\u00eas viagens com meu carro. Agora, com a carretinha, acho que d\u00e1 para fazer uma s\u00f3. Vai melhorar a log\u00edstica e ainda vai ajudar a economizar combust\u00edvel\u201d, comemora Portela.<br \/>\nOs equipamentos passaram por manuten\u00e7\u00e3o na pr\u00f3pria oficina mec\u00e2nica do Demlurb. De acordo com o borracheiro, Sebasti\u00e3o Jos\u00e9 Fernandes, \u201cfoi feita manuten\u00e7\u00e3o nos pneus\u201d. J\u00e1 o serralheiro, Wando da Costa \u201cRochinha\u201d, explica que \u201cem alguns deles foram feitas solda e remontagem\u201d.<br \/>\nA popula\u00e7\u00e3o pode contribuir com as associa\u00e7\u00f5es de catadores realizando a separa\u00e7\u00e3o dos res\u00edduos recicl\u00e1veis. Para isso, basta separar os res\u00edduos secos dos \u00famidos e descart\u00e1-los nos dias de coleta seletiva. O material recolhido pelo Demlurb \u00e9 distribu\u00eddo entre as associa\u00e7\u00f5es e os pr\u00f3prios catadores fazem a sele\u00e7\u00e3o do que pode ser reciclado. No\u00a0<a href=\"https:\/\/demlurb.pjf.mg.gov.br\/rota_sel_a.php\"><strong>site do Demlurb<\/strong><\/a>\u00a0est\u00e3o dispon\u00edveis as informa\u00e7\u00f5es sobre os locais e dias de atendimento da coleta seletiva.<\/p>\n","protected":false},"excerpt":{"rendered":"<p>Segundo informa\u00e7\u00f5es do site da Prefeitura de Juiz de Fora (PJF), a\u00a0Prefeitura de Juiz de Fora (PJF) deu mais um passo nas a\u00e7\u00f5es de valoriza\u00e7\u00e3o dos catadores de recicl\u00e1veis da cidade. Semanalmente, s\u00e3o organizadas reuni\u00f5es pela secret\u00e1ria de Governo, Cidinha Louzada, juntamente com a Secretaria Especial de Direito Humanos (SEDH), o Departamento Municipal de Limpeza [&hellip;]<\/p>\n","protected":false},"author":246,"featured_media":201978,"comment_status":"closed","ping_status":"closed","sticky":false,"template":"","format":"standard","meta":{"footnotes":""},"categories":[253,436,439],"tags":[],"class_list":["post-201977","post","type-post","status-publish","format-standard","has-post-thumbnail","hentry","category-cidade","category-destaque-da-semana","category-ultima-hora"],"_links":{"self":[{"href":"https:\/\/diarioregionaldigital.com.br\/index.php?rest_route=\/wp\/v2\/posts\/201977","targetHints":{"allow":["GET"]}}],"collection":[{"href":"https:\/\/diarioregionaldigital.com.br\/index.php?rest_route=\/wp\/v2\/posts"}],"about":[{"href":"https:\/\/diarioregionaldigital.com.br\/index.php?rest_route=\/wp\/v2\/types\/post"}],"author":[{"embeddable":true,"href":"https:\/\/diarioregionaldigital.com.br\/index.php?rest_route=\/wp\/v2\/users\/246"}],"replies":[{"embeddable":true,"href":"https:\/\/diarioregionaldigital.com.br\/index.php?rest_route=%2Fwp%2Fv2%2Fcomments&post=201977"}],"version-history":[{"count":1,"href":"https:\/\/diarioregionaldigital.com.br\/index.php?rest_route=\/wp\/v2\/posts\/201977\/revisions"}],"predecessor-version":[{"id":201979,"href":"https:\/\/diarioregionaldigital.com.br\/index.php?rest_route=\/wp\/v2\/posts\/201977\/revisions\/201979"}],"wp:featuredmedia":[{"embeddable":true,"href":"https:\/\/diarioregionaldigital.com.br\/index.php?rest_route=\/wp\/v2\/media\/201978"}],"wp:attachment":[{"href":"https:\/\/diarioregionaldigital.com.br\/index.php?rest_route=%2Fwp%2Fv2%2Fmedia&parent=201977"}],"wp:term":[{"taxonomy":"category","embeddable":true,"href":"https:\/\/diarioregionaldigital.com.br\/index.php?rest_route=%2Fwp%2Fv2%2Fcategories&post=201977"},{"taxonomy":"post_tag","embeddable":true,"href":"https:\/\/diarioregionaldigital.com.br\/index.php?rest_route=%2Fwp%2Fv2%2Ftags&post=201977"}],"curies":[{"name":"wp","href":"https:\/\/api.w.org\/{rel}","templated":true}]}}