{"id":201974,"date":"2022-07-21T20:46:28","date_gmt":"2022-07-21T23:46:28","guid":{"rendered":"https:\/\/diarioregionaldigital.com.br\/?p=201974"},"modified":"2022-07-21T20:46:28","modified_gmt":"2022-07-21T23:46:28","slug":"prefeitura-inicia-obras-da-ubs-sao-benedito","status":"publish","type":"post","link":"https:\/\/diarioregionaldigital.com.br\/?p=201974","title":{"rendered":"Prefeitura inicia obras da UBS S\u00e3o Benedito"},"content":{"rendered":"<p>Segundo informa\u00e7\u00f5es do site da Prefeitura de Juiz de Fora (PJF), na noite desta quarta-feira, 20, a Prefeitura de Juiz de Fora (PJF) deu o pontap\u00e9 inicial para a realiza\u00e7\u00e3o de um sonho antigo das\u00a0 comunidades dos bairros S\u00e3o Benedito, Vila Alpina, Bonsucesso e adjac\u00eancias. Foi assinada a Ordem de Servi\u00e7o para in\u00edcio das obras da nova UBS de S\u00e3o Benedito, que atender\u00e1 aproximadamente 10 mil pessoas da regi\u00e3o e adjac\u00eancias.<\/p>\n<p>No ato da assinatura, a prefeita Margarida Salom\u00e3o ressaltou que \u201ca sa\u00fade come\u00e7a perto de casa. Por isso \u00e9 t\u00e3o importante essa UBS em que teremos uma equipe qualificada para atender as pessoas e elas s\u00f3 precisar\u00e3o buscar a emerg\u00eancia se for necess\u00e1rio. Se n\u00e3o, elas resolvem a vida delas aqui mesmo no bairro, pertinho das pessoas que elas conhecem\u201d.<br \/>\nA nova unidade \u00e9 fruto de uma emenda parlamentar do ent\u00e3o mandato de Margarida enquanto deputada federal. O valor do contrato com a empresa respons\u00e1vel pela obra \u00e9 de R$1.638.087,49. A UBS ser\u00e1 constru\u00edda de acordo com as normas da vigil\u00e2ncia sanit\u00e1ria, garantido total acessibilidade a todos os p\u00fablicos que necessitem dos servi\u00e7os. A nova estrutura garantir\u00e1 espa\u00e7o para cerca de 32 servidores.<br \/>\nConforme o secret\u00e1rio de obras, Lincoln\u00a0Santos, \u201cesta \u00e9 uma obra que vai resolver o problema da sa\u00fade b\u00e1sica aqui no bairro. Ela vai custar cerca de R$ 1,6 milh\u00e3o e ser\u00e1 entregue daqui a 11 meses, atendendo todo o anseio da comunidade do S\u00e3o Benedito e da regi\u00e3o no entorno\u201d.<br \/>\nO secret\u00e1rio de sa\u00fade, Ivan Chebli, destacou que essa unidade b\u00e1sica de sa\u00fade \u201crepresenta um grande avan\u00e7o, porque vai garantir um acesso qualificado e resolutivo para a popula\u00e7\u00e3o, evidenciando a prioridade absoluta que a PJF tem com o fortalecimento e a qualifica\u00e7\u00e3o da aten\u00e7\u00e3o b\u00e1sica, que \u00e9 o n\u00edvel de aten\u00e7\u00e3o mais importante do Sistema \u00danico de Sa\u00fade, que pode resolver mais de 80% dos problemas de sa\u00fade da popula\u00e7\u00e3o\u201d.<br \/>\nO vereador Tiago Bonec\u00e3o fez um agradecimento \u00e0 prefeita Margarida Salom\u00e3o. \u201cDesde o primeiro dia que entrei como vereador falei que ia lutar at\u00e9 acontecer. Quero agradecer \u00e0 prefeita Margarida que desde o primeiro dia cumpriu a palavra comigo, com todos os servidores da PJF, at\u00e9 chegar esse momento de realizar as obras da UBS, um sonho desse povo da Vila Alpina, S\u00e3o Benedito e Bonsucesso.\u201d<br \/>\nL\u00edder do governo na C\u00e2mara Municipal, o vereador Luiz Ot\u00e1vio Fernandes Coelho, o Pardal, apontou o empenho de todos para o andamento e a assinatura desta ordem de servi\u00e7o. \u201cHoje o S\u00e3o Benedito est\u00e1 colhendo esse fruto desse trabalho de muito empenho e dedica\u00e7\u00e3o. Tudo isso s\u00f3 poderia ser concretizado com o abra\u00e7o, o carinho e o respeito que a prefeita Margarida Salom\u00e3o tem com toda Juiz de Fora, n\u00e3o diferente aqui com o povo deste bairro\u201d.<br \/>\nO l\u00edder comunit\u00e1rio, Armando Ananias, participou da luta dos moradores pela concretiza\u00e7\u00e3o deste espa\u00e7o e ele garante que \u00e9 um motivo de alegria v\u00ea-lo sair do papel. \u201c\u00c9 uma luta incans\u00e1vel que a gente teve aqui no S\u00e3o Benedito. Hoje estamos tendo essa alegria com a presen\u00e7a da prefeita assinando essa obra. Muito obrigado a todos\u201d.<br \/>\n<strong>UBS S\u00e3o Benedito<\/strong><br \/>\nA nova UBS, que atender\u00e1 aos bairros S\u00e3o Benedito, Vila Alpina e adjac\u00eancias, ter\u00e1 amplo espa\u00e7o na sala de espera, sete consult\u00f3rios m\u00e9dicos amplos, tr\u00eas consult\u00f3rios odontol\u00f3gicos e dois consult\u00f3rios ginecol\u00f3gicos\u00a0 com sanit\u00e1rios, totalizando 12 consult\u00f3rios para ofertar o melhor atendimento para a popula\u00e7\u00e3o.<br \/>\nA nova unidade contar\u00e1 com salas de procedimentos e curativos e para os agentes comunit\u00e1rios de sa\u00fade, al\u00e9m de ampla sala de vacinas. O projeto tamb\u00e9m conta com banheiros completos para o usu\u00e1rio e para os funcion\u00e1rios da unidade e \u00e1rea para ambul\u00e2ncia.<br \/>\nO projeto elaborado prev\u00ea a constru\u00e7\u00e3o de uma UBS PSF tipo 3, com \u00e1rea de 513,55 m2 em pavimento \u00fanico, em estrutura de laje plana de concreto armado com \u00e1rea existente de 900,84 m2, pertencente \u00e0 Prefeitura de Juiz de Fora.<br \/>\nA empresa respons\u00e1vel pela constru\u00e7\u00e3o ser\u00e1 a Columbia Constru\u00e7\u00f5es e Empreendimentos Eirelli &#8211; EPP e as atividades come\u00e7am nesta quinta-feira, 21.<\/p>\n","protected":false},"excerpt":{"rendered":"<p>Segundo informa\u00e7\u00f5es do site da Prefeitura de Juiz de Fora (PJF), na noite desta quarta-feira, 20, a Prefeitura de Juiz de Fora (PJF) deu o pontap\u00e9 inicial para a realiza\u00e7\u00e3o de um sonho antigo das\u00a0 comunidades dos bairros S\u00e3o Benedito, Vila Alpina, Bonsucesso e adjac\u00eancias. Foi assinada a Ordem de Servi\u00e7o para in\u00edcio das obras [&hellip;]<\/p>\n","protected":false},"author":246,"featured_media":201975,"comment_status":"closed","ping_status":"closed","sticky":false,"template":"","format":"standard","meta":{"footnotes":""},"categories":[253,436,439],"tags":[],"class_list":["post-201974","post","type-post","status-publish","format-standard","has-post-thumbnail","hentry","category-cidade","category-destaque-da-semana","category-ultima-hora"],"_links":{"self":[{"href":"https:\/\/diarioregionaldigital.com.br\/index.php?rest_route=\/wp\/v2\/posts\/201974","targetHints":{"allow":["GET"]}}],"collection":[{"href":"https:\/\/diarioregionaldigital.com.br\/index.php?rest_route=\/wp\/v2\/posts"}],"about":[{"href":"https:\/\/diarioregionaldigital.com.br\/index.php?rest_route=\/wp\/v2\/types\/post"}],"author":[{"embeddable":true,"href":"https:\/\/diarioregionaldigital.com.br\/index.php?rest_route=\/wp\/v2\/users\/246"}],"replies":[{"embeddable":true,"href":"https:\/\/diarioregionaldigital.com.br\/index.php?rest_route=%2Fwp%2Fv2%2Fcomments&post=201974"}],"version-history":[{"count":1,"href":"https:\/\/diarioregionaldigital.com.br\/index.php?rest_route=\/wp\/v2\/posts\/201974\/revisions"}],"predecessor-version":[{"id":201976,"href":"https:\/\/diarioregionaldigital.com.br\/index.php?rest_route=\/wp\/v2\/posts\/201974\/revisions\/201976"}],"wp:featuredmedia":[{"embeddable":true,"href":"https:\/\/diarioregionaldigital.com.br\/index.php?rest_route=\/wp\/v2\/media\/201975"}],"wp:attachment":[{"href":"https:\/\/diarioregionaldigital.com.br\/index.php?rest_route=%2Fwp%2Fv2%2Fmedia&parent=201974"}],"wp:term":[{"taxonomy":"category","embeddable":true,"href":"https:\/\/diarioregionaldigital.com.br\/index.php?rest_route=%2Fwp%2Fv2%2Fcategories&post=201974"},{"taxonomy":"post_tag","embeddable":true,"href":"https:\/\/diarioregionaldigital.com.br\/index.php?rest_route=%2Fwp%2Fv2%2Ftags&post=201974"}],"curies":[{"name":"wp","href":"https:\/\/api.w.org\/{rel}","templated":true}]}}