{"id":201971,"date":"2022-07-21T20:43:55","date_gmt":"2022-07-21T23:43:55","guid":{"rendered":"https:\/\/diarioregionaldigital.com.br\/?p=201971"},"modified":"2022-07-21T20:43:55","modified_gmt":"2022-07-21T23:43:55","slug":"pjf-inicia-vacinacao-contra-a-covid-19-em-criancas-de-quatro-anos-de-idade-com-deficiencia-comorbidades-e-ou-imunossupressao","status":"publish","type":"post","link":"https:\/\/diarioregionaldigital.com.br\/?p=201971","title":{"rendered":"PJF inicia vacina\u00e7\u00e3o contra a Covid-19 em crian\u00e7as de quatro anos de idade com defici\u00eancia, comorbidades e\/ou imunossupress\u00e3o"},"content":{"rendered":"<p>Segundo informa\u00e7\u00f5es do site da Prefeitura de Juiz de Fora (PJF), a\u00a0vacina\u00e7\u00e3o infantil contra a Covid-19 da Prefeitura de Juiz de Fora (PJF) prossegue nesta sexta-feira, 22, com uma novidade. Neste primeiro momento, considerando o n\u00famero de doses dispon\u00edveis em estoque, o imunizante Coronavac ser\u00e1 utilizado na aplica\u00e7\u00e3o em <strong>crian\u00e7as de quatro anos imunossuprimidas\/imunocomprometidas, deficientes e\/ou portadoras de alguma comorbidade<\/strong>, dentre as elencadas no plano nacional de imuniza\u00e7\u00e3o (PNI) (ex.: Diabetes, Cardiopatias, Doen\u00e7as pulmonares, renais, obesidade, S\u00edndrome de Down).<\/p>\n<p>&nbsp;<\/p>\n<p>Ap\u00f3s o recebimento das notifica\u00e7\u00f5es e orienta\u00e7\u00f5es relativas ao repasse dos imunizantes do\u00a0Minist\u00e9rio da Sa\u00fade (MS) e do\u00a0Governo do Estado de Minas, as doses come\u00e7am a ser aplicadas nesta sexta-feira, 22. O intervalo entre a primeira e segunda dose segue sendo de 28 dias.<\/p>\n<p>&nbsp;<\/p>\n<p>A vacina\u00e7\u00e3o ser\u00e1 realizada de forma regionalizada, com aplica\u00e7\u00e3o em\u00a0<strong>quatro Unidades B\u00e1sicas de Sa\u00fade (UBSs):<\/strong>\u00a0Cidade do Sol, Bandeirantes, Nossa Senhora Aparecida e Teixeiras, de segunda a sexta, de 8h \u00e0s 10h30 e de 13h \u00e0s 16h, exceto \u00e0s quintas, quando o atendimento \u00e0 tarde acontece de 13h \u00e0s 14h30. Tamb\u00e9m haver\u00e1 aplica\u00e7\u00e3o no Departamento de Sa\u00fade da Mulher, Gestante, Crian\u00e7a e Adolescente (DSMGCA), de 8h \u00e0s 16h.<\/p>\n<p>&nbsp;<\/p>\n<p>A SS pede que, para o ato de vacina\u00e7\u00e3o, seja levado uma\u00a0<strong>c\u00f3pia do comprovante de resid\u00eancia<\/strong>\u00a0no nome dos pais ou respons\u00e1vel com endere\u00e7o em Juiz de Fora, c\u00f3pia do CPF ou o\u00a0<strong>Cart\u00e3o SUS<\/strong>\u00a0(caso a crian\u00e7a n\u00e3o tenha, pode utilizar a certid\u00e3o de nascimento). As crian\u00e7as com comorbidades ou imunossuprimidas, al\u00e9m destes documentos, devem\u00a0<strong>apresentar um laudo ou atestado m\u00e9dico datado de, no m\u00e1ximo, 12 meses, comprovando a condi\u00e7\u00e3o<\/strong>.<\/p>\n<p>&nbsp;<\/p>\n<p><strong>Fique atento\u00a0<\/strong><\/p>\n<p>&nbsp;<\/p>\n<p>Seguindo recomenda\u00e7\u00f5es dos \u00f3rg\u00e3os competentes, as crian\u00e7as que forem se vacinar contra a Covid-19 n\u00e3o podem ter recebido outra vacina nos \u00faltimos 15 dias e n\u00e3o dever\u00e3o receber outro imunizante nos 15 dias posteriores ao recebimento da primeira dose da vacina infantil contra o coronav\u00edrus.<\/p>\n<p>&nbsp;<\/p>\n<p><strong>Refor\u00e7amos o pedido para todos que ser\u00e3o vacinados levarem, impressa e preenchida, a Ficha de Vacina\u00e7\u00e3o, cujo modelo est\u00e1 dispon\u00edvel\u00a0<\/strong><a href=\"https:\/\/covid19.pjf.mg.gov.br\/arquivos\/formulario_para_vacinacao.pdf\"><strong>aqui<\/strong><\/a><strong>, isso facilita no momento da triagem e agiliza o processo de vacina\u00e7\u00e3o.<\/strong><\/p>\n<p>&nbsp;<\/p>\n<p><strong>Locais de vacina\u00e7\u00e3o<\/strong><\/p>\n<p>&nbsp;<\/p>\n<p><strong>Departamento de Sa\u00fade da Mulher Gestante, Crian\u00e7a e Adolescentes (DSMGCA) &#8211; exclusivamente para crian\u00e7as e adolescentes &#8211; das 8h \u00e0s 16h (vacina\u00e7\u00e3o contra covid) e das 8h \u00e0s 14h (vacina\u00e7\u00e3o contra influenza e demais vacinas de rotina) &#8211;<\/strong>\u00a0Rua S\u00e3o Sebasti\u00e3o, 772\/776, Centro<\/p>\n<p>&nbsp;<\/p>\n<p><strong>4 UBSs que vacinam crian\u00e7as 8h \u00e0s 10h30 e de 13h \u00e0s 16h (quintas, de 8h \u00e0s 10h30 e de\u00a013h \u00e0s 14h30):<\/strong><\/p>\n<p>&nbsp;<\/p>\n<p>UBS Cidade do Sol<\/p>\n<p>&nbsp;<\/p>\n<p>UBS Nossa Senhora Aparecida<\/p>\n<p>&nbsp;<\/p>\n<p>UBS Bandeirantes<\/p>\n<p>&nbsp;<\/p>\n<p>UBS Teixeiras<\/p>\n","protected":false},"excerpt":{"rendered":"<p>Segundo informa\u00e7\u00f5es do site da Prefeitura de Juiz de Fora (PJF), a\u00a0vacina\u00e7\u00e3o infantil contra a Covid-19 da Prefeitura de Juiz de Fora (PJF) prossegue nesta sexta-feira, 22, com uma novidade. Neste primeiro momento, considerando o n\u00famero de doses dispon\u00edveis em estoque, o imunizante Coronavac ser\u00e1 utilizado na aplica\u00e7\u00e3o em crian\u00e7as de quatro anos imunossuprimidas\/imunocomprometidas, deficientes [&hellip;]<\/p>\n","protected":false},"author":246,"featured_media":201972,"comment_status":"closed","ping_status":"closed","sticky":false,"template":"","format":"standard","meta":{"footnotes":""},"categories":[253,436,440,439],"tags":[],"class_list":["post-201971","post","type-post","status-publish","format-standard","has-post-thumbnail","hentry","category-cidade","category-destaque-da-semana","category-destaques-do-dia","category-ultima-hora"],"_links":{"self":[{"href":"https:\/\/diarioregionaldigital.com.br\/index.php?rest_route=\/wp\/v2\/posts\/201971","targetHints":{"allow":["GET"]}}],"collection":[{"href":"https:\/\/diarioregionaldigital.com.br\/index.php?rest_route=\/wp\/v2\/posts"}],"about":[{"href":"https:\/\/diarioregionaldigital.com.br\/index.php?rest_route=\/wp\/v2\/types\/post"}],"author":[{"embeddable":true,"href":"https:\/\/diarioregionaldigital.com.br\/index.php?rest_route=\/wp\/v2\/users\/246"}],"replies":[{"embeddable":true,"href":"https:\/\/diarioregionaldigital.com.br\/index.php?rest_route=%2Fwp%2Fv2%2Fcomments&post=201971"}],"version-history":[{"count":1,"href":"https:\/\/diarioregionaldigital.com.br\/index.php?rest_route=\/wp\/v2\/posts\/201971\/revisions"}],"predecessor-version":[{"id":201973,"href":"https:\/\/diarioregionaldigital.com.br\/index.php?rest_route=\/wp\/v2\/posts\/201971\/revisions\/201973"}],"wp:featuredmedia":[{"embeddable":true,"href":"https:\/\/diarioregionaldigital.com.br\/index.php?rest_route=\/wp\/v2\/media\/201972"}],"wp:attachment":[{"href":"https:\/\/diarioregionaldigital.com.br\/index.php?rest_route=%2Fwp%2Fv2%2Fmedia&parent=201971"}],"wp:term":[{"taxonomy":"category","embeddable":true,"href":"https:\/\/diarioregionaldigital.com.br\/index.php?rest_route=%2Fwp%2Fv2%2Fcategories&post=201971"},{"taxonomy":"post_tag","embeddable":true,"href":"https:\/\/diarioregionaldigital.com.br\/index.php?rest_route=%2Fwp%2Fv2%2Ftags&post=201971"}],"curies":[{"name":"wp","href":"https:\/\/api.w.org\/{rel}","templated":true}]}}