{"id":201968,"date":"2022-07-21T20:32:59","date_gmt":"2022-07-21T23:32:59","guid":{"rendered":"https:\/\/diarioregionaldigital.com.br\/?p=201968"},"modified":"2022-07-21T20:32:59","modified_gmt":"2022-07-21T23:32:59","slug":"flamengo-consolida-reacao-no-brasileiro-com-goleada-sobre-juventude","status":"publish","type":"post","link":"https:\/\/diarioregionaldigital.com.br\/?p=201968","title":{"rendered":"Flamengo consolida rea\u00e7\u00e3o no Brasileiro com goleada sobre Juventude"},"content":{"rendered":"<p>Ap\u00f3s um come\u00e7o irregular, o Flamengo engrenou no Campeonato Brasileiro. Nesta quarta-feira (20), o Rubro-Negro goleou o Juventude por 4 a 0, no est\u00e1dio Man\u00e9 Garrincha, em Bras\u00edlia, pela 18\u00aa rodada da competi\u00e7\u00e3o. A partida marcou a estreia de Everton Cebolinha, um dos refor\u00e7os contratados para a sequ\u00eancia do torneio, que foi a campo depois do intervalo, no lugar do tamb\u00e9m atacante Pedro.<img decoding=\"async\" src=\"https:\/\/agenciabrasil.ebc.com.br\/ebc.png?id=1471845&amp;o=node\" \/><img decoding=\"async\" src=\"https:\/\/agenciabrasil.ebc.com.br\/ebc.gif?id=1471845&amp;o=node\" \/><\/p>\n<p>Foi a quarta vit\u00f3ria dos cariocas nos \u00faltimos cinco jogos pelo Brasileiro. A equipe comandada por Dorival J\u00fanior foi a 27 pontos, na s\u00e9tima posi\u00e7\u00e3o, a tr\u00eas pontos do G6. Sem ganhar h\u00e1 nove rodadas, o Juventude segue na lanterna, com 13 pontos, seis atr\u00e1s do Cuiab\u00e1, primeiro time fora da zona de rebaixamento.<\/p>\n<p>Diante de mais de 65 mil torcedores, o Flamengo precisou de 18 minutos de bola rolando para abrir 3 a 0. Os tr\u00eas gols foram de cabe\u00e7a, sempre em jogadas iniciadas pelo lado direito. Aos cinco, o meia Giorgian de Arrascaeta cruzou e Pedro fez o primeiro. Aos 12, Pedro marcou mais um, ap\u00f3s levantamento de Everton Ribeiro na \u00e1rea. Seis minutos depois, o pr\u00f3prio meia balan\u00e7ou as redes, com assist\u00eancia do atacante Gabriel, outra vez pela direita. Aos 37, o volante Jadson, do Juventude, foi expulso ap\u00f3s agress\u00e3o a Gabriel, dificultando a miss\u00e3o ga\u00facha no Man\u00e9 Garrincha.<\/p>\n<p>O Rubro-Negro manteve a postura ofensiva na segunda etapa, desperdi\u00e7ou oportunidades, mas conseguiu ampliar, novamente de cabe\u00e7a, com participa\u00e7\u00e3o de Everton Cebolinha. Aos 40 minutos, o refor\u00e7o flamenguista recebeu na esquerda, colocou na \u00e1rea e o atacante L\u00e1zaro completou para o gol.<\/p>\n<p>No mesmo hor\u00e1rio do jogo em Bras\u00edlia, Internacional e S\u00e3o Paulo empataram por 3 a 3 no Beira-Rio, em Porto Alegre. O Colorado, com 30 pontos, est\u00e1 na sexta posi\u00e7\u00e3o e perdeu a chance de acabar a rodada na vice-lideran\u00e7a do Brasileiro. O Tricolor est\u00e1 cinco pontos atr\u00e1s do Inter, que fecha o G6.<\/p>\n<p>Aos tr\u00eas minutos, o atacante Pedro Henrique, de cabe\u00e7a, colocou os ga\u00fachos em vantagem. Seis minutos depois, o lateral Igor Vin\u00edcius cruzou rasteiro pela direita e o meia Nik\u00e3o igualou. O Inter voltou \u00e0 frente aos 24, novamente com Pedro Henrique, completando (outra vez) de cabe\u00e7a o levantamento do atacante Alem\u00e3o. O S\u00e3o Paulo reagiu em um lance semelhante ao primeiro gol: cruzamento por baixo (agora do atacante Luciano) e conclus\u00e3o de Nik\u00e3o, validada pelo \u00e1rbitro de v\u00eddeo (VAR), ap\u00f3s marca\u00e7\u00e3o inicial de impedimento.<\/p>\n<p>A primeira etapa seguiu animada. Aos 37, Alem\u00e3o foi derrubado por Thiago Couto na \u00e1rea. O volante Edenilson cobrou a penalidade e recolocou o time da casa na dianteira. Aos oito minutos do segundo tempo, por\u00e9m, o lateral Rafinha cruzou pela direita, desta vez pelo alto, para Luciano, de cabe\u00e7a, mandar no cantinho do goleiro Daniel, deixando tudo igual pela terceira vez na noite, agora em definitivo.<\/p>\n<p><span style=\"font-weight: 400;\"><br \/>\n<\/span><span style=\"font-weight: 400;\">Fonte: Ag\u00eancia Brasil <\/span><\/p>\n","protected":false},"excerpt":{"rendered":"<p>Ap\u00f3s um come\u00e7o irregular, o Flamengo engrenou no Campeonato Brasileiro. Nesta quarta-feira (20), o Rubro-Negro goleou o Juventude por 4 a 0, no est\u00e1dio Man\u00e9 Garrincha, em Bras\u00edlia, pela 18\u00aa rodada da competi\u00e7\u00e3o. A partida marcou a estreia de Everton Cebolinha, um dos refor\u00e7os contratados para a sequ\u00eancia do torneio, que foi a campo depois [&hellip;]<\/p>\n","protected":false},"author":246,"featured_media":201969,"comment_status":"closed","ping_status":"closed","sticky":false,"template":"","format":"standard","meta":{"footnotes":""},"categories":[436,257,439],"tags":[],"class_list":["post-201968","post","type-post","status-publish","format-standard","has-post-thumbnail","hentry","category-destaque-da-semana","category-esporte","category-ultima-hora"],"_links":{"self":[{"href":"https:\/\/diarioregionaldigital.com.br\/index.php?rest_route=\/wp\/v2\/posts\/201968","targetHints":{"allow":["GET"]}}],"collection":[{"href":"https:\/\/diarioregionaldigital.com.br\/index.php?rest_route=\/wp\/v2\/posts"}],"about":[{"href":"https:\/\/diarioregionaldigital.com.br\/index.php?rest_route=\/wp\/v2\/types\/post"}],"author":[{"embeddable":true,"href":"https:\/\/diarioregionaldigital.com.br\/index.php?rest_route=\/wp\/v2\/users\/246"}],"replies":[{"embeddable":true,"href":"https:\/\/diarioregionaldigital.com.br\/index.php?rest_route=%2Fwp%2Fv2%2Fcomments&post=201968"}],"version-history":[{"count":1,"href":"https:\/\/diarioregionaldigital.com.br\/index.php?rest_route=\/wp\/v2\/posts\/201968\/revisions"}],"predecessor-version":[{"id":201970,"href":"https:\/\/diarioregionaldigital.com.br\/index.php?rest_route=\/wp\/v2\/posts\/201968\/revisions\/201970"}],"wp:featuredmedia":[{"embeddable":true,"href":"https:\/\/diarioregionaldigital.com.br\/index.php?rest_route=\/wp\/v2\/media\/201969"}],"wp:attachment":[{"href":"https:\/\/diarioregionaldigital.com.br\/index.php?rest_route=%2Fwp%2Fv2%2Fmedia&parent=201968"}],"wp:term":[{"taxonomy":"category","embeddable":true,"href":"https:\/\/diarioregionaldigital.com.br\/index.php?rest_route=%2Fwp%2Fv2%2Fcategories&post=201968"},{"taxonomy":"post_tag","embeddable":true,"href":"https:\/\/diarioregionaldigital.com.br\/index.php?rest_route=%2Fwp%2Fv2%2Ftags&post=201968"}],"curies":[{"name":"wp","href":"https:\/\/api.w.org\/{rel}","templated":true}]}}