{"id":201961,"date":"2022-07-21T20:26:35","date_gmt":"2022-07-21T23:26:35","guid":{"rendered":"https:\/\/diarioregionaldigital.com.br\/?p=201961"},"modified":"2022-07-21T20:26:35","modified_gmt":"2022-07-21T23:26:35","slug":"catia-oliveira-fatura-2a-prata-em-aberto-paralimpico-de-tenis-de-mesa","status":"publish","type":"post","link":"https:\/\/diarioregionaldigital.com.br\/?p=201961","title":{"rendered":"C\u00e1tia Oliveira fatura 2\u00aa prata em Aberto Paral\u00edmpico de T\u00eanis de Mesa"},"content":{"rendered":"<p>A brasileira C\u00e1tia Oliveira, vice-campe\u00e3 mundial na classe 2 (cadeirantes) \u00a0conquistou nesta quinta-feira (21) sua segunda medalha de prata no Aberto Paral\u00edmpico da Tail\u00e2ndia, competi\u00e7\u00e3o que mais pontua no circuito mundial da modalidade (fator 40). \u00a0Em parceria com o sul-coreano Kim Young-gun, a paulista venceu nesta madrugada a dupla mista local (Pattaravadee Wararidamrongkul e Busree Wawaeni) por 3 sets a 0, com parciais de 11\/7,11\/7 e 11\/4.\u00a0<img decoding=\"async\" src=\"https:\/\/agenciabrasil.ebc.com.br\/ebc.png?id=1471955&amp;o=node\" \/><img decoding=\"async\" src=\"https:\/\/agenciabrasil.ebc.com.br\/ebc.gif?id=1471955&amp;o=node\" \/><\/p>\n<p>Com o triunfo de hoje, C\u00e1tia e Young-gun terminaram na segunda coloca\u00e7\u00e3o do grupo \u00fanico na classe XD 7 (<a href=\"https:\/\/agenciabrasil.ebc.com.br\/esportes\/noticia\/2021-08\/paralimpiada-conheca-mais-sobre-o-tenis-de-mesa-na-toquio-2020\">soma das classes de cada atleta da dupla)<\/a>, com cinco pontos. Foram duas vit\u00f3rias e um rev\u00e9s, exatamente para os atletas da casa Wanchai Chaiwut e Dararat Asayut, que ficaram com o ouro, ap\u00f3s tr\u00eas vitorias.<\/p>\n<p><a href=\"https:\/\/agenciabrasil.ebc.com.br\/esportes\/noticia\/2021-08\/tenis-de-mesa-pais-garante-2-bronzes-com-bruna-e-catia-nas-semifinais\">Medalha de bronze nos Jogos de T\u00f3quio<\/a>, C\u00e1tia Oliveira j\u00e1 subira ao p\u00f3dio na Tail\u00e2ndia na \u00faltima ter\u00e7a (20), quando foi vice-campe\u00e3 individual (medalha de prata) das classes 1 a 3 no Aberto Paral\u00edmpico. \u00a0As conquistas sinalizam que a brasileira vai com tudo para o Campeonato Mundial Paral\u00edmpico de T\u00eanis de Mesa, programado para novembro, em Granada. (Espanha).<\/p>\n<p>\u201cEstou muito feliz com o meu desempenho. Disputei duas categorias e consegui sair com duas medalhas\u201d, afirmou a paulista em\u00a0 em depoimento \u00e0 Confedera\u00e7\u00e3o Brasileira de T\u00eanis de Mesa (CBTM).\u00a0\u201cCompetir na \u00c1sia sempre \u00e9 muito desafiador por v\u00e1rios motivos, como fuso hor\u00e1rio e a comida. Tamb\u00e9m precisei jogar com uma classe acima da minha contra meninas fort\u00edssimas\u201d, descreveu. \u201cMas consegui vencer jogos e acabei perdendo para a tailandesa que \u00e9 a oitava do mundo, jogando de igual e perdendo por detalhes\u201d, concluiu a brasileira.<\/p>\n<p><span style=\"font-weight: 400;\">Fonte: Ag\u00eancia Brasil <\/span><\/p>\n","protected":false},"excerpt":{"rendered":"<p>A brasileira C\u00e1tia Oliveira, vice-campe\u00e3 mundial na classe 2 (cadeirantes) \u00a0conquistou nesta quinta-feira (21) sua segunda medalha de prata no Aberto Paral\u00edmpico da Tail\u00e2ndia, competi\u00e7\u00e3o que mais pontua no circuito mundial da modalidade (fator 40). \u00a0Em parceria com o sul-coreano Kim Young-gun, a paulista venceu nesta madrugada a dupla mista local (Pattaravadee Wararidamrongkul e Busree [&hellip;]<\/p>\n","protected":false},"author":246,"featured_media":201962,"comment_status":"closed","ping_status":"closed","sticky":false,"template":"","format":"standard","meta":{"footnotes":""},"categories":[436,257,439],"tags":[],"class_list":["post-201961","post","type-post","status-publish","format-standard","has-post-thumbnail","hentry","category-destaque-da-semana","category-esporte","category-ultima-hora"],"_links":{"self":[{"href":"https:\/\/diarioregionaldigital.com.br\/index.php?rest_route=\/wp\/v2\/posts\/201961","targetHints":{"allow":["GET"]}}],"collection":[{"href":"https:\/\/diarioregionaldigital.com.br\/index.php?rest_route=\/wp\/v2\/posts"}],"about":[{"href":"https:\/\/diarioregionaldigital.com.br\/index.php?rest_route=\/wp\/v2\/types\/post"}],"author":[{"embeddable":true,"href":"https:\/\/diarioregionaldigital.com.br\/index.php?rest_route=\/wp\/v2\/users\/246"}],"replies":[{"embeddable":true,"href":"https:\/\/diarioregionaldigital.com.br\/index.php?rest_route=%2Fwp%2Fv2%2Fcomments&post=201961"}],"version-history":[{"count":2,"href":"https:\/\/diarioregionaldigital.com.br\/index.php?rest_route=\/wp\/v2\/posts\/201961\/revisions"}],"predecessor-version":[{"id":201964,"href":"https:\/\/diarioregionaldigital.com.br\/index.php?rest_route=\/wp\/v2\/posts\/201961\/revisions\/201964"}],"wp:featuredmedia":[{"embeddable":true,"href":"https:\/\/diarioregionaldigital.com.br\/index.php?rest_route=\/wp\/v2\/media\/201962"}],"wp:attachment":[{"href":"https:\/\/diarioregionaldigital.com.br\/index.php?rest_route=%2Fwp%2Fv2%2Fmedia&parent=201961"}],"wp:term":[{"taxonomy":"category","embeddable":true,"href":"https:\/\/diarioregionaldigital.com.br\/index.php?rest_route=%2Fwp%2Fv2%2Fcategories&post=201961"},{"taxonomy":"post_tag","embeddable":true,"href":"https:\/\/diarioregionaldigital.com.br\/index.php?rest_route=%2Fwp%2Fv2%2Ftags&post=201961"}],"curies":[{"name":"wp","href":"https:\/\/api.w.org\/{rel}","templated":true}]}}