{"id":201957,"date":"2022-07-21T20:22:20","date_gmt":"2022-07-21T23:22:20","guid":{"rendered":"https:\/\/diarioregionaldigital.com.br\/?p=201957"},"modified":"2022-07-21T20:22:20","modified_gmt":"2022-07-21T23:22:20","slug":"brasil-estreara-contra-irlanda-na-copa-do-mundo-de-rugby-sevens","status":"publish","type":"post","link":"https:\/\/diarioregionaldigital.com.br\/?p=201957","title":{"rendered":"Brasil estrear\u00e1 contra Irlanda na Copa do Mundo de Rugby Sevens"},"content":{"rendered":"<p>A sele\u00e7\u00e3o brasileira feminina de rugby servens conheceu nesta quinta-feira (21) a equipe advers\u00e1ria na estreia da Copa do Mundo, na Cidade do Cabo (\u00c1frica do Sul). \u00a0O primeiro jogo ser\u00e1 contra a Irlanda, rival j\u00e1 conhecida das Yaras (apelido da sele\u00e7\u00e3o), no dia 9 de setembro. \u00a0Brasileiras e irlandesas j\u00e1 estiveram frente a frente em 18 partidas oficiais, com seis vit\u00f3rias das Yaras.<img decoding=\"async\" src=\"https:\/\/agenciabrasil.ebc.com.br\/ebc.png?id=1471988&amp;o=node\" \/><img decoding=\"async\" src=\"https:\/\/agenciabrasil.ebc.com.br\/ebc.gif?id=1471988&amp;o=node\" \/><\/p>\n<p>A competi\u00e7\u00e3o come\u00e7a na fase de oitavas de final. O formato da disputa \u00e9 mata-mata. Se o Brasil triunfar na estreia, avan\u00e7a \u00e0s quartas de final, no dia 10, \u00a0contra a equipe vencedora de Fiji x Jap\u00e3o. As semifinais e a decis\u00e3o do t\u00edtulo est\u00e3o programadas para o dia \u00a011 de setembro.<\/p>\n<p>Esta ser\u00e1 a quarta participa\u00e7\u00e3o das Yaras em Copas do Mundo. A melhor coloca\u00e7\u00e3o do pa\u00eds foi o 10\u00ba lugar, em 2009, na edi\u00e7\u00e3o de Dubai (Emirados \u00c1rabes Unidos). \u00a0Nas Copas seguintes, as brasileiras terminaram na 13\u00aa posi\u00e7\u00e3o: em 2013, na Copa de Moscou (R\u00fassia), e em 2018 em San Francisco (Estados Unidos).<\/p>\n<p>Nesta quarta-feira (20), a\u00a0World Rugby,\u00a0<a href=\"https:\/\/agenciabrasil.ebc.com.br\/esportes\/noticia\/2022-07\/brasil-segue-na-elite-do-rugby-feminino-devido-suspensao-da-russia\">federa\u00e7\u00e3o internacional da modalidade, manteve as Yaras como\u00a0sele\u00e7\u00e3o fixa do circuito mundial feminino de\u00a0<\/a><em><a href=\"https:\/\/agenciabrasil.ebc.com.br\/esportes\/noticia\/2022-07\/brasil-segue-na-elite-do-rugby-feminino-devido-suspensao-da-russia\">sevens<\/a>\u00a0<\/em>(disputa com sete atletas de cada lado)\u00a0para a\u00a0temporada 2022\/23. As brasileiras se beneficiaram da puni\u00e7\u00e3o \u00e0 R\u00fassia, suspensa de todas as competi\u00e7\u00f5es devido \u00e0 invas\u00e3o militar do pa\u00eds na\u00a0Ucr\u00e2nia.<\/p>\n<p><span style=\"font-weight: 400;\">Fonte: Ag\u00eancia Brasil <\/span><\/p>\n","protected":false},"excerpt":{"rendered":"<p>A sele\u00e7\u00e3o brasileira feminina de rugby servens conheceu nesta quinta-feira (21) a equipe advers\u00e1ria na estreia da Copa do Mundo, na Cidade do Cabo (\u00c1frica do Sul). \u00a0O primeiro jogo ser\u00e1 contra a Irlanda, rival j\u00e1 conhecida das Yaras (apelido da sele\u00e7\u00e3o), no dia 9 de setembro. \u00a0Brasileiras e irlandesas j\u00e1 estiveram frente a frente [&hellip;]<\/p>\n","protected":false},"author":246,"featured_media":201958,"comment_status":"closed","ping_status":"closed","sticky":false,"template":"","format":"standard","meta":{"footnotes":""},"categories":[436,440,257,439],"tags":[],"class_list":["post-201957","post","type-post","status-publish","format-standard","has-post-thumbnail","hentry","category-destaque-da-semana","category-destaques-do-dia","category-esporte","category-ultima-hora"],"_links":{"self":[{"href":"https:\/\/diarioregionaldigital.com.br\/index.php?rest_route=\/wp\/v2\/posts\/201957","targetHints":{"allow":["GET"]}}],"collection":[{"href":"https:\/\/diarioregionaldigital.com.br\/index.php?rest_route=\/wp\/v2\/posts"}],"about":[{"href":"https:\/\/diarioregionaldigital.com.br\/index.php?rest_route=\/wp\/v2\/types\/post"}],"author":[{"embeddable":true,"href":"https:\/\/diarioregionaldigital.com.br\/index.php?rest_route=\/wp\/v2\/users\/246"}],"replies":[{"embeddable":true,"href":"https:\/\/diarioregionaldigital.com.br\/index.php?rest_route=%2Fwp%2Fv2%2Fcomments&post=201957"}],"version-history":[{"count":2,"href":"https:\/\/diarioregionaldigital.com.br\/index.php?rest_route=\/wp\/v2\/posts\/201957\/revisions"}],"predecessor-version":[{"id":201960,"href":"https:\/\/diarioregionaldigital.com.br\/index.php?rest_route=\/wp\/v2\/posts\/201957\/revisions\/201960"}],"wp:featuredmedia":[{"embeddable":true,"href":"https:\/\/diarioregionaldigital.com.br\/index.php?rest_route=\/wp\/v2\/media\/201958"}],"wp:attachment":[{"href":"https:\/\/diarioregionaldigital.com.br\/index.php?rest_route=%2Fwp%2Fv2%2Fmedia&parent=201957"}],"wp:term":[{"taxonomy":"category","embeddable":true,"href":"https:\/\/diarioregionaldigital.com.br\/index.php?rest_route=%2Fwp%2Fv2%2Fcategories&post=201957"},{"taxonomy":"post_tag","embeddable":true,"href":"https:\/\/diarioregionaldigital.com.br\/index.php?rest_route=%2Fwp%2Fv2%2Ftags&post=201957"}],"curies":[{"name":"wp","href":"https:\/\/api.w.org\/{rel}","templated":true}]}}