{"id":201954,"date":"2022-07-21T20:15:39","date_gmt":"2022-07-21T23:15:39","guid":{"rendered":"https:\/\/diarioregionaldigital.com.br\/?p=201954"},"modified":"2022-07-21T20:15:39","modified_gmt":"2022-07-21T23:15:39","slug":"proposta-amplia-as-atribuicoes-dos-agentes-municipais-de-defesa-civil","status":"publish","type":"post","link":"https:\/\/diarioregionaldigital.com.br\/?p=201954","title":{"rendered":"Proposta amplia as atribui\u00e7\u00f5es dos agentes municipais de defesa civil"},"content":{"rendered":"<p>O Projeto de Lei 1219\/22 atribui exclusivamente aos agentes de prote\u00e7\u00e3o e defesa civil municipal a preven\u00e7\u00e3o, a mitiga\u00e7\u00e3o, o alerta, a resposta e a recupera\u00e7\u00e3o em situa\u00e7\u00f5es de desastre. O texto em an\u00e1lise na C\u00e2mara dos Deputados insere o dispositivo na Pol\u00edtica Nacional de Prote\u00e7\u00e3o e Defesa Civil (<a class=\"linkLegislacao\" href=\"https:\/\/www2.camara.gov.br\/legin\/fed\/lei\/2012\/lei-12608-10-abril-2012-612681-norma-pl.html\">Lei 12.608\/12<\/a>).<\/p>\n<p>\u201cOs desastres acontecem localmente, assim como as atividades emergenciais de resposta, assim \u00e9 importante que os \u00f3rg\u00e3os municipais de prote\u00e7\u00e3o e defesa civil estejam preparados e bem estruturados\u201d, afirmou o autor da proposta, deputado <a href=\"https:\/\/www.camara.leg.br\/deputados\/204457\">Juninho do Pneu (Uni\u00e3o-RJ)<\/a>, ao defender as mudan\u00e7as.<\/p>\n<p>As a\u00e7\u00f5es de prote\u00e7\u00e3o e defesa civil est\u00e3o estruturadas em n\u00edvel nacional, estadual e municipal. Juninho do Pneu avalia que a proposta dever\u00e1 estimular parcerias entre \u00f3rg\u00e3os locais e regionais e com as comunidades em situa\u00e7\u00e3o de risco.<\/p>\n<p><strong>Tramita\u00e7\u00e3o<\/strong><br \/>\nO projeto tramita em <span id=\"4322\" class=\"termoGlossario\" title=\"\" contenteditable=\"false\" data-toggle=\"tooltip\" data-placement=\"top\" data-original-title=\"Rito de tramita\u00e7\u00e3o pelo qual o projeto \u00e9 votado apenas pelas comiss\u00f5es designadas para analis\u00e1-lo, dispensada a delibera\u00e7\u00e3o do Plen\u00e1rio. O projeto perde o car\u00e1ter conclusivo se houver decis\u00e3o divergente entre as comiss\u00f5es ou se, independentemente de ser aprovado ou rejeitado, houver recurso assinado por 52 deputados para a aprecia\u00e7\u00e3o da mat\u00e9ria no Plen\u00e1rio.\">car\u00e1ter conclusivo<\/span> e ser\u00e1 analisado pelas comiss\u00f5es de Integra\u00e7\u00e3o Nacional; de Desenvolvimento Regional e da Amaz\u00f4nia; e de Constitui\u00e7\u00e3o e Justi\u00e7a e de Cidadania.<\/p>\n<p>Fonte: Ag\u00eancia C\u00e2mara de Not\u00edcias<\/p>\n","protected":false},"excerpt":{"rendered":"<p>O Projeto de Lei 1219\/22 atribui exclusivamente aos agentes de prote\u00e7\u00e3o e defesa civil municipal a preven\u00e7\u00e3o, a mitiga\u00e7\u00e3o, o alerta, a resposta e a recupera\u00e7\u00e3o em situa\u00e7\u00f5es de desastre. O texto em an\u00e1lise na C\u00e2mara dos Deputados insere o dispositivo na Pol\u00edtica Nacional de Prote\u00e7\u00e3o e Defesa Civil (Lei 12.608\/12). \u201cOs desastres acontecem localmente, [&hellip;]<\/p>\n","protected":false},"author":246,"featured_media":201955,"comment_status":"closed","ping_status":"closed","sticky":false,"template":"","format":"standard","meta":{"footnotes":""},"categories":[253,436,439],"tags":[],"class_list":["post-201954","post","type-post","status-publish","format-standard","has-post-thumbnail","hentry","category-cidade","category-destaque-da-semana","category-ultima-hora"],"_links":{"self":[{"href":"https:\/\/diarioregionaldigital.com.br\/index.php?rest_route=\/wp\/v2\/posts\/201954","targetHints":{"allow":["GET"]}}],"collection":[{"href":"https:\/\/diarioregionaldigital.com.br\/index.php?rest_route=\/wp\/v2\/posts"}],"about":[{"href":"https:\/\/diarioregionaldigital.com.br\/index.php?rest_route=\/wp\/v2\/types\/post"}],"author":[{"embeddable":true,"href":"https:\/\/diarioregionaldigital.com.br\/index.php?rest_route=\/wp\/v2\/users\/246"}],"replies":[{"embeddable":true,"href":"https:\/\/diarioregionaldigital.com.br\/index.php?rest_route=%2Fwp%2Fv2%2Fcomments&post=201954"}],"version-history":[{"count":1,"href":"https:\/\/diarioregionaldigital.com.br\/index.php?rest_route=\/wp\/v2\/posts\/201954\/revisions"}],"predecessor-version":[{"id":201956,"href":"https:\/\/diarioregionaldigital.com.br\/index.php?rest_route=\/wp\/v2\/posts\/201954\/revisions\/201956"}],"wp:featuredmedia":[{"embeddable":true,"href":"https:\/\/diarioregionaldigital.com.br\/index.php?rest_route=\/wp\/v2\/media\/201955"}],"wp:attachment":[{"href":"https:\/\/diarioregionaldigital.com.br\/index.php?rest_route=%2Fwp%2Fv2%2Fmedia&parent=201954"}],"wp:term":[{"taxonomy":"category","embeddable":true,"href":"https:\/\/diarioregionaldigital.com.br\/index.php?rest_route=%2Fwp%2Fv2%2Fcategories&post=201954"},{"taxonomy":"post_tag","embeddable":true,"href":"https:\/\/diarioregionaldigital.com.br\/index.php?rest_route=%2Fwp%2Fv2%2Ftags&post=201954"}],"curies":[{"name":"wp","href":"https:\/\/api.w.org\/{rel}","templated":true}]}}